{"id":116030,"date":"2017-06-29T00:08:25","date_gmt":"2017-06-29T03:08:25","guid":{"rendered":"https:\/\/www.redenoticia.com.br\/noticia\/?p=116030"},"modified":"2017-06-28T13:42:30","modified_gmt":"2017-06-28T16:42:30","slug":"juros-do-rotativo-do-cartao-de-credito-caem-para-363-ao-ano","status":"publish","type":"post","link":"https:\/\/www.redenoticia.com.br\/noticia\/2017\/juros-do-rotativo-do-cartao-de-credito-caem-para-363-ao-ano\/116030","title":{"rendered":"Juros do rotativo do cart\u00e3o de cr\u00e9dito caem para 363% ao ano"},"content":{"rendered":"<p> A <strong><em>taxa de juros do rotativo do cart\u00e3o de cr\u00e9dito<\/em><\/strong> caiu 64,8 pontos percentuais em maio, indo para 363,3% ao ano, informou o Banco Central (BC). Em janeiro, a taxa era de 497,5% ao ano. O rotativo \u00e9 o cr\u00e9dito tomado pelo consumidor quando paga menos que o valor integral da fatura do cart\u00e3o. Desde abril, os consumidores que n\u00e3o conseguem pagar integralmente a fatura do cart\u00e3o de cr\u00e9dito s\u00f3 podem ficar no cr\u00e9dito rotativo por 30 dias.<\/p>\n<p>A nova regra, fixada pelo Conselho Monet\u00e1rio Nacional (CMN) em janeiro, obrigou as institui\u00e7\u00f5es financeiras a transferirem para o cr\u00e9dito parcelado, que cobra taxas menores.<\/p>\n<p>A taxa de juros do rotativo classificado pelo BC como \u201cn\u00e3o regular\u201d, em que o consumidor n\u00e3o pagou ou atrasou o pagamento m\u00ednimo da fatura, ficou em 445,1% ao ano, em maio, com redu\u00e7\u00e3o de 75,1 pontos percentuais em rela\u00e7\u00e3o a abril. A taxa do rotativo do cart\u00e3o \u201cregular\u201d caiu 50,2 pontos percentuais, indo para 247,5% ao ano. A m\u00e9dia dessas duas taxas \u00e9 363,3% ao ano. A taxa do cr\u00e9dito parcelado caiu 2,2 pontos percentuais para 160% ao ano.<\/p>\n<p>O chefe-adjunto do Departamento Econ\u00f4mico do BC, Fernando Rocha, disse hoje, em Bras\u00edlia, que os juros do rotativo apresentam uma redu\u00e7\u00e3o \u201csignificativa\u201d, mas h\u00e1 tamb\u00e9m queda em taxas de outras modalidades.<\/p>\n<p>Ele lembrou que o uso do rotativo do cart\u00e3o de cr\u00e9dito e do cheque especial s\u00f3 deve ser feito em situa\u00e7\u00e3o emergencial por serem mais altas [as taxas] do que de outras modalidades, apesar da redu\u00e7\u00e3o recente. \u201cO cart\u00e3o de cr\u00e9dito rotativo, assim como o cheque especial, tem a fun\u00e7\u00e3o de ser linha emergencial, por tempo reduzido\u201d, disse.<\/p>\n<p>Cheque especial<\/p>\n<p>Os juros do cheque especial ficaram em 325,1% ao ano, em maio, com redu\u00e7\u00e3o de 3,1 pontos percentuais em rela\u00e7\u00e3o a abril. A taxa m\u00e9dia de juros para as fam\u00edlias caiu 4,5 pontos percentuais para 63,8% ao ano, em maio. No caso das empresas, a taxa caiu 0,4 ponto percentual para 25,9% ao ano.<\/p>\n<p>A inadimpl\u00eancia do cr\u00e9dito, considerados atrasos acima de 90 dias, para pessoas f\u00edsicas ficou em 5,9%, com aumento de 0,1 ponto percentual em rela\u00e7\u00e3o a maio.<\/p>\n<p>No caso das pessoas jur\u00eddicas, a taxa chegou a 6%, com alta de 0,4 ponto percentual. Esses dados s\u00e3o do cr\u00e9dito livre em que os bancos t\u00eam autonomia para aplicar o captado no mercado.<\/p>\n<p>No caso do cr\u00e9dito direcionado (empr\u00e9stimos com regras definidas pelo governo, destinados aos setores habitacional, rural e de infraestrutura) os juros para as pessoas f\u00edsicas subiram 0,7 ponto percentual para 9,7% ao ano. A taxa cobrada das empresas aumentou 0,1 ponto percentual para 11,1% ao ano. A inadimpl\u00eancia das fam\u00edlias subiu 0,1 ponto percentual para 2,2% e das empresas, ficou est\u00e1vel em 2,2%.<\/p>\n<p>O saldo de todas as opera\u00e7\u00f5es de cr\u00e9dito concedido pelos bancos ficou em R$ 3,065 trilh\u00f5es, com queda de 0,2%, no m\u00eas. Em 12 meses, houve retra\u00e7\u00e3o de 2,6%. Em rela\u00e7\u00e3o a tudo o que o pa\u00eds produz \u2013 Produto Interno Bruto (PIB) &#8211; o volume correspondeu a 48,6%, com redu\u00e7\u00e3o de 0,2 ponto percentual em rela\u00e7\u00e3o a abril.<\/p>\n<p>Rocha disse que o cr\u00e9dito segue em trajet\u00f3ria de queda, mas j\u00e1 mostra sinais de retomada no caso do cr\u00e9dito para pessoas f\u00edsicas. No caso das fam\u00edlias, houve crescimento no saldo de 0,6% no m\u00eas, enquanto o cr\u00e9dito para as empresas caiu 1%.<\/p>\n<p>Segundo Rocha, como o cr\u00e9dito para as empresas n\u00e3o mostra sinais de retomada, a proje\u00e7\u00e3o do BC para o crescimento do saldo total dos empr\u00e9stimos no pa\u00eds foi reduzida de 2% para 1%. No caso do cr\u00e9dito livre, a estimativa do BC passou de crescimento de 2% para estabilidade em rela\u00e7\u00e3o ao saldo de 2016. O cr\u00e9dito direcionado deve crescer 1%, ante a proje\u00e7\u00e3o anterior de 2%.<\/p>\n<p>Ele disse ainda que n\u00e3o ser\u00e3o mais divulgadas proje\u00e7\u00f5es por tipo de bancos, p\u00fablicos e privados, por considerar que as informa\u00e7\u00f5es mais relevantes s\u00e3o relacionadas ao cr\u00e9dito livre ou direcionado.<\/p>\n<p>Kelly Oliveira &#8211; Rep\u00f3rter da Ag\u00eancia Brasil<br \/>\nEdi\u00e7\u00e3o: Kleber Sampaio<br \/>\n29\/06\/2017<\/p>\n","protected":false},"excerpt":{"rendered":"<p>A taxa de juros do rotativo do cart\u00e3o de cr\u00e9dito caiu 64,8 pontos percentuais em maio, indo para 363,3% ao ano, informou o Banco Central (BC). Em janeiro, a taxa era de 497,5% ao ano. O rotativo \u00e9 o cr\u00e9dito tomado pelo consumidor quando paga menos que o valor integral da fatura do cart\u00e3o. Desde [&hellip;]<\/p>\n","protected":false},"author":2,"featured_media":35203,"comment_status":"open","ping_status":"closed","sticky":false,"template":"","format":"standard","meta":{"_genesis_hide_title":false,"_genesis_hide_breadcrumbs":false,"_genesis_hide_singular_image":false,"_genesis_hide_footer_widgets":false,"_genesis_custom_body_class":"","_genesis_custom_post_class":"","_genesis_layout":"","_jetpack_memberships_contains_paid_content":false,"footnotes":""},"categories":[22,7],"tags":[],"class_list":{"0":"post-116030","1":"post","2":"type-post","3":"status-publish","4":"format-standard","5":"has-post-thumbnail","7":"category-brasil","8":"category-economia","9":"entry","10":"gs-1","11":"gs-odd","12":"gs-even","13":"gs-featured-content-entry"},"jetpack_featured_media_url":"https:\/\/www.redenoticia.com.br\/noticia\/imagens\/cartao-credito.jpg","jetpack_sharing_enabled":true,"jetpack_likes_enabled":true,"_links":{"self":[{"href":"https:\/\/www.redenoticia.com.br\/noticia\/wp-json\/wp\/v2\/posts\/116030","targetHints":{"allow":["GET"]}}],"collection":[{"href":"https:\/\/www.redenoticia.com.br\/noticia\/wp-json\/wp\/v2\/posts"}],"about":[{"href":"https:\/\/www.redenoticia.com.br\/noticia\/wp-json\/wp\/v2\/types\/post"}],"author":[{"embeddable":true,"href":"https:\/\/www.redenoticia.com.br\/noticia\/wp-json\/wp\/v2\/users\/2"}],"replies":[{"embeddable":true,"href":"https:\/\/www.redenoticia.com.br\/noticia\/wp-json\/wp\/v2\/comments?post=116030"}],"version-history":[{"count":0,"href":"https:\/\/www.redenoticia.com.br\/noticia\/wp-json\/wp\/v2\/posts\/116030\/revisions"}],"wp:featuredmedia":[{"embeddable":true,"href":"https:\/\/www.redenoticia.com.br\/noticia\/wp-json\/wp\/v2\/media\/35203"}],"wp:attachment":[{"href":"https:\/\/www.redenoticia.com.br\/noticia\/wp-json\/wp\/v2\/media?parent=116030"}],"wp:term":[{"taxonomy":"category","embeddable":true,"href":"https:\/\/www.redenoticia.com.br\/noticia\/wp-json\/wp\/v2\/categories?post=116030"},{"taxonomy":"post_tag","embeddable":true,"href":"https:\/\/www.redenoticia.com.br\/noticia\/wp-json\/wp\/v2\/tags?post=116030"}],"curies":[{"name":"wp","href":"https:\/\/api.w.org\/{rel}","templated":true}]}}