{"id":116028,"date":"2017-06-29T00:07:32","date_gmt":"2017-06-29T03:07:32","guid":{"rendered":"https:\/\/www.redenoticia.com.br\/noticia\/?p=116028"},"modified":"2017-06-28T13:38:22","modified_gmt":"2017-06-28T16:38:22","slug":"pesquisa-constata-queda-na-confianca-da-industria-diz-fgv","status":"publish","type":"post","link":"https:\/\/www.redenoticia.com.br\/noticia\/2017\/pesquisa-constata-queda-na-confianca-da-industria-diz-fgv\/116028","title":{"rendered":"Pesquisa constata queda na confian\u00e7a da ind\u00fastria, diz FGV"},"content":{"rendered":"<p> O <strong><em>\u00cdndice de Confian\u00e7a da Ind\u00fastria<\/em><\/strong> (ICI) apresentou queda de 2,8 pontos em junho, atingindo 89,5 pontos, o menor n\u00edvel desde fevereiro (87,8 pontos), depois de ter sido registrada a maior marca desde 2014, em maio \u00faltimo (92,3%). Treze de um total de 19 segmentos industriais reduziram a confian\u00e7a.<\/p>\n<p>O indicador tem rela\u00e7\u00e3o com a pesquisa Sondagem da Ind\u00fastria de Transforma\u00e7\u00e3o do Instituto Brasileiro de Economia da Funda\u00e7\u00e3o Getulio Vargas (FGV\/Ibre) com a participa\u00e7\u00e3o de 1.147 empresas em consultas, no per\u00edodo de 1 a 23 deste m\u00eas. As informa\u00e7\u00f5es foram divulgadas em S\u00e3o Paulo, pela FGV.<\/p>\n<p> A coordenadora da pesquisa, Tabi Thuler Santos, afirmou, em nota, que esse recuo se deve ao \u201caumento da incerteza ap\u00f3s a deflagra\u00e7\u00e3o da nova crise pol\u00edtica, em maio\u201d. Ela observou ainda que as consultas indicaram \u201ca interrup\u00e7\u00e3o do processo de ajuste dos estoques industriais e a favor\u00e1vel contribui\u00e7\u00e3o do mercado externo para o desempenho do setor nos \u00faltimos meses\u201d.<\/p>\n<p>\u00cdndice de Expectativas<\/p>\n<p>O estudo mostra ainda diminui\u00e7\u00e3o na confian\u00e7a tanto em rela\u00e7\u00e3o ao presente quanto no curto prazo. O \u00cdndice de Expectativas (IE) teve baixa de 3,6 pontos, atingindo 92,1 pontos e o \u00cdndice da Situa\u00e7\u00e3o Atual (ISA) apresentou redu\u00e7\u00e3o de 2 pontos ao alcan\u00e7ar 87 pontos.<\/p>\n<p>A propor\u00e7\u00e3o de empresas que planeja ampliar o quadro de empregados caiu de 13,9% para 9,3% e o universo de empresas que pretendem cortar vagas aumentou de 16,1% para 20,9%. O ceticismo empresarial tamb\u00e9m pode ser notado pela avalia\u00e7\u00e3o sobre o n\u00edvel de estoques. Na sondagem, 12,7% indicaram que o volume est\u00e1 excessivo ante 12,2% que tinham essa mesma vis\u00e3o, em maio \u00faltimo.<\/p>\n<p>Tamb\u00e9m ocorreu baixa de 05, ponto percentual no N\u00edvel de Utiliza\u00e7\u00e3o da Capacidade Instalada, que passou para 74,2%, o menor desde dezembro do ano passado.<\/p>\n<p>Marli Moreira &#8211; Rep\u00f3rter da Ag\u00eancia Brasil<br \/>\nEdi\u00e7\u00e3o: Kleber Sampaio<br \/>\n29\/06\/2017<\/p>\n","protected":false},"excerpt":{"rendered":"<p>O \u00cdndice de Confian\u00e7a da Ind\u00fastria (ICI) apresentou queda de 2,8 pontos em junho, atingindo 89,5 pontos, o menor n\u00edvel desde fevereiro (87,8 pontos), depois de ter sido registrada a maior marca desde 2014, em maio \u00faltimo (92,3%). Treze de um total de 19 segmentos industriais reduziram a confian\u00e7a. O indicador tem rela\u00e7\u00e3o com a [&hellip;]<\/p>\n","protected":false},"author":2,"featured_media":57585,"comment_status":"open","ping_status":"closed","sticky":false,"template":"","format":"standard","meta":{"_genesis_hide_title":false,"_genesis_hide_breadcrumbs":false,"_genesis_hide_singular_image":false,"_genesis_hide_footer_widgets":false,"_genesis_custom_body_class":"","_genesis_custom_post_class":"","_genesis_layout":"","_jetpack_memberships_contains_paid_content":false,"footnotes":""},"categories":[22,7],"tags":[],"class_list":{"0":"post-116028","1":"post","2":"type-post","3":"status-publish","4":"format-standard","5":"has-post-thumbnail","7":"category-brasil","8":"category-economia","9":"entry","10":"gs-1","11":"gs-odd","12":"gs-even","13":"gs-featured-content-entry"},"jetpack_featured_media_url":"https:\/\/www.redenoticia.com.br\/noticia\/imagens\/analise-economia.jpg","jetpack_sharing_enabled":true,"jetpack_likes_enabled":true,"_links":{"self":[{"href":"https:\/\/www.redenoticia.com.br\/noticia\/wp-json\/wp\/v2\/posts\/116028","targetHints":{"allow":["GET"]}}],"collection":[{"href":"https:\/\/www.redenoticia.com.br\/noticia\/wp-json\/wp\/v2\/posts"}],"about":[{"href":"https:\/\/www.redenoticia.com.br\/noticia\/wp-json\/wp\/v2\/types\/post"}],"author":[{"embeddable":true,"href":"https:\/\/www.redenoticia.com.br\/noticia\/wp-json\/wp\/v2\/users\/2"}],"replies":[{"embeddable":true,"href":"https:\/\/www.redenoticia.com.br\/noticia\/wp-json\/wp\/v2\/comments?post=116028"}],"version-history":[{"count":0,"href":"https:\/\/www.redenoticia.com.br\/noticia\/wp-json\/wp\/v2\/posts\/116028\/revisions"}],"wp:featuredmedia":[{"embeddable":true,"href":"https:\/\/www.redenoticia.com.br\/noticia\/wp-json\/wp\/v2\/media\/57585"}],"wp:attachment":[{"href":"https:\/\/www.redenoticia.com.br\/noticia\/wp-json\/wp\/v2\/media?parent=116028"}],"wp:term":[{"taxonomy":"category","embeddable":true,"href":"https:\/\/www.redenoticia.com.br\/noticia\/wp-json\/wp\/v2\/categories?post=116028"},{"taxonomy":"post_tag","embeddable":true,"href":"https:\/\/www.redenoticia.com.br\/noticia\/wp-json\/wp\/v2\/tags?post=116028"}],"curies":[{"name":"wp","href":"https:\/\/api.w.org\/{rel}","templated":true}]}}