{"id":11602,"date":"2009-09-14T13:57:09","date_gmt":"2009-09-14T17:57:09","guid":{"rendered":"http:\/\/www.redenoticia.com.br\/noticia\/?p=11602"},"modified":"2009-09-14T14:15:21","modified_gmt":"2009-09-14T18:15:21","slug":"2%c2%ba-mutirao-do-emprega-sao-paulo-terca-feira-15-em-ribeirao-preto-com-mais-de-5-mil-vagas","status":"publish","type":"post","link":"https:\/\/www.redenoticia.com.br\/noticia\/2009\/2%c2%ba-mutirao-do-emprega-sao-paulo-terca-feira-15-em-ribeirao-preto-com-mais-de-5-mil-vagas\/11602","title":{"rendered":"2\u00ba mutir\u00e3o de oportunidade do Emprega S\u00e3o Paulo ter\u00e7a-feira (15) em Ribeir\u00e3o Preto com mais de 5 mil vagas"},"content":{"rendered":"<p>O Governo de S\u00e3o Paulo, por meio da Secretaria Estadual do Emprego e Rela\u00e7\u00f5es do Trabalho (SERT), realiza amanh\u00e3 (15), das 9 \u00e0s 19 horas, a <strong>oportunidade<\/strong> do 2\u00ba Mutir\u00e3o do Emprego do Estado, no Posto de Atendimento ao Trabalhador (PAT) do Poupatempo do Novo Shopping, em Ribeir\u00e3o Preto. \u00a0O secret\u00e1rio Guilherme Afif Domingos anunciar\u00e1 a oferta de mais de cinco mil vagas de trabalho na regi\u00e3o, por meio do site do <strong>Emprega S\u00e3o Paulo<\/strong>, sistema gratuito e online de intermedia\u00e7\u00e3o de m\u00e3o de obra do Governo do Estado.\u00a0<\/p>\n<p>As oportunidades s\u00e3o principalmente nos setores de telemarketing e supermercados. &#8220;Geralmente temos um estoque de cerca de 350 vagas. Para o dia de hoje fizemos um esfor\u00e7o concentrado com os empregadores e vamos abrir o Mutir\u00e3o de Ribeir\u00e3o com um n\u00famero mais de 10 vezes maior de vagas&#8221;, ressalta o secret\u00e1rio.<\/p>\n<p>Durante o Mutir\u00e3o, os trabalhadores poder\u00e3o cadastrar seus curr\u00edculos pessoalmente nos guich\u00eas do PAT, com a ajuda de funcion\u00e1rios da SERT. Quem preferir pode tamb\u00e9m fazer a inscri\u00e7\u00e3o de qualquer computador conectado \u00e0 internet. \u00c9 s\u00f3 acessar o site www.empregasaopaulo.sp.gov.br, criar login e senha.<\/p>\n<p>Hist\u00f3rico<\/p>\n<p>O Mutir\u00e3o do Emprego \u00e9 uma forma de aumentar as chances de quem est\u00e1 desempregado e incentivar as empresas a buscarem profissionais por meio do Emprega S\u00e3o Paulo. O sistema j\u00e1 conta com mais de dois milh\u00f5es de curr\u00edculos cadastrados em seu banco de dados, sendo 42 mil s\u00f3 na regi\u00e3o de Ribeir\u00e3o Preto.<\/p>\n<p>Realizado em 27 de junho deste ano na cidade de S\u00e3o Paulo, o 1\u00ba Mutir\u00e3o disponibilizou 32 mil vagas de trabalho. Neste dia, mais de 500 pessoas cadastraram seus curr\u00edculos nos guich\u00eas do PAT do Poupatempo S\u00e9.<\/p>\n<p>Agenda:<br \/>\n2\u00ba Mutir\u00e3o do Emprego<br \/>\nTer\u00e7a-feira, 15 de setembro de 2009, a partir das 9 horas<br \/>\nPosto de Atendimento ao Trabalhador &#8211; Poupatempo Novo Shopping<br \/>\nAv. Presidente Kennedy, 1500 &#8211; Ribeir\u00e3o Preto &#8211; SP<\/p>\n","protected":false},"excerpt":{"rendered":"<p>O Governo de S\u00e3o Paulo, por meio da Secretaria Estadual do Emprego e Rela\u00e7\u00f5es do Trabalho (SERT), realiza amanh\u00e3 (15), das 9 \u00e0s 19 horas, a oportunidade do 2\u00ba Mutir\u00e3o do Emprego do Estado, no Posto de Atendimento ao Trabalhador (PAT) do Poupatempo do Novo Shopping, em Ribeir\u00e3o Preto. \u00a0O secret\u00e1rio Guilherme Afif Domingos anunciar\u00e1 [&hellip;]<\/p>\n","protected":false},"author":3,"featured_media":0,"comment_status":"open","ping_status":"open","sticky":false,"template":"","format":"standard","meta":{"_genesis_hide_title":false,"_genesis_hide_breadcrumbs":false,"_genesis_hide_singular_image":false,"_genesis_hide_footer_widgets":false,"_genesis_custom_body_class":"","_genesis_custom_post_class":"","_genesis_layout":"","_jetpack_memberships_contains_paid_content":false,"footnotes":""},"categories":[22,353],"tags":[],"class_list":{"0":"post-11602","1":"post","2":"type-post","3":"status-publish","4":"format-standard","6":"category-brasil","7":"category-oportunidades","8":"entry","9":"gs-1","10":"gs-odd","11":"gs-even","12":"gs-featured-content-entry"},"jetpack_featured_media_url":"","jetpack_sharing_enabled":true,"jetpack_likes_enabled":true,"_links":{"self":[{"href":"https:\/\/www.redenoticia.com.br\/noticia\/wp-json\/wp\/v2\/posts\/11602","targetHints":{"allow":["GET"]}}],"collection":[{"href":"https:\/\/www.redenoticia.com.br\/noticia\/wp-json\/wp\/v2\/posts"}],"about":[{"href":"https:\/\/www.redenoticia.com.br\/noticia\/wp-json\/wp\/v2\/types\/post"}],"author":[{"embeddable":true,"href":"https:\/\/www.redenoticia.com.br\/noticia\/wp-json\/wp\/v2\/users\/3"}],"replies":[{"embeddable":true,"href":"https:\/\/www.redenoticia.com.br\/noticia\/wp-json\/wp\/v2\/comments?post=11602"}],"version-history":[{"count":0,"href":"https:\/\/www.redenoticia.com.br\/noticia\/wp-json\/wp\/v2\/posts\/11602\/revisions"}],"wp:attachment":[{"href":"https:\/\/www.redenoticia.com.br\/noticia\/wp-json\/wp\/v2\/media?parent=11602"}],"wp:term":[{"taxonomy":"category","embeddable":true,"href":"https:\/\/www.redenoticia.com.br\/noticia\/wp-json\/wp\/v2\/categories?post=11602"},{"taxonomy":"post_tag","embeddable":true,"href":"https:\/\/www.redenoticia.com.br\/noticia\/wp-json\/wp\/v2\/tags?post=11602"}],"curies":[{"name":"wp","href":"https:\/\/api.w.org\/{rel}","templated":true}]}}