{"id":115999,"date":"2017-06-28T00:11:58","date_gmt":"2017-06-28T03:11:58","guid":{"rendered":"https:\/\/www.redenoticia.com.br\/noticia\/?p=115999"},"modified":"2017-06-27T19:29:23","modified_gmt":"2017-06-27T22:29:23","slug":"aneel-autoriza-reajuste-de-energia-para-tocantins-e-cidade-de-sao-paulo","status":"publish","type":"post","link":"https:\/\/www.redenoticia.com.br\/noticia\/2017\/aneel-autoriza-reajuste-de-energia-para-tocantins-e-cidade-de-sao-paulo\/115999","title":{"rendered":"Aneel autoriza reajuste de energia para Tocantins e cidade de S\u00e3o Paulo"},"content":{"rendered":"<p> A Ag\u00eancia Nacional de Energia El\u00e9trica (Aneel) aprovou <strong><em>reajuste na tarifa de energia<\/em><\/strong> dos consumidores atendidos pela Eletropaulo. A empresa, que atende 6,9 milh\u00f5es de unidades consumidoras localizadas na capital S\u00e3o Paulo, reajustar\u00e1 em 5,15% as contas de luz dos clientes residenciais.<\/p>\n<p>O aumento m\u00e9dio, incluindo os consumidores de alta e baixa tens\u00e3o, ficou em 4,48%, sendo 2,37% para alta e 5,37% para baixa tens\u00e3o. Os novos valores passar\u00e3o a ser cobrados a partir do dia 4 de julho.<\/p>\n<p>A diretoria da Aneel tamb\u00e9m autorizou o reajuste m\u00e9dio de 5,52% na tarifa de energia da Energisa Tocantins (ETO). Os novos valores entram em vigor tamb\u00e9m a partir do dia 4 de julho. A empresa atende 570.903 unidades consumidoras no estado do Tocantins. <\/p>\n<p>Luciano Nascimento &#8211; Rep\u00f3rter da Ag\u00eancia Brasil<br \/>\nEdi\u00e7\u00e3o: Fernando Fraga<br \/>\n28\/06\/2017<br \/>\n&#8212;<br \/>\nSobre a EBC &#8211; criada em 2007 para fortalecer o sistema p\u00fablico de comunica\u00e7\u00e3o, a EBC \u00e9 gestora da TV Brasil, TV Brasil Internacional, Ag\u00eancia Brasil, Radioag\u00eancia Nacional e do sistema p\u00fablico de R\u00e1dio, composto por oito emissoras: R\u00e1dio Nacional AM do Rio de Janeiro (1.130 KHz), R\u00e1dio Nacional AM de Bras\u00edlia (980 KHz), Nacional FM de Bras\u00edlia (96,1 MHz), R\u00e1dio MEC AM do Rio de Janeiro (800 KHz), MEC FM do Rio de Janeiro (99,3 MHz), R\u00e1dio Nacional da Amaz\u00f4nia OC (11.780 KHz e 6.180 KHz), R\u00e1dio Nacional AM do Alto Solim\u00f5es (670 KHz) e R\u00e1dio Nacional FM do Alto Solim\u00f5es (96.1 MHz). Por sua independ\u00eancia editorial, os ve\u00edculos p\u00fablicos distinguem-se dos canais estatais ou governamentais. A rede de emissoras produz conte\u00fados diferenciados que a singulariza por espelhar de maneira mais fidedigna a complexidade cultural brasileira, ocupando um espa\u00e7o complementar, n\u00e3o preenchido pelos canais privados.<\/p>\n","protected":false},"excerpt":{"rendered":"<p>A Ag\u00eancia Nacional de Energia El\u00e9trica (Aneel) aprovou reajuste na tarifa de energia dos consumidores atendidos pela Eletropaulo. A empresa, que atende 6,9 milh\u00f5es de unidades consumidoras localizadas na capital S\u00e3o Paulo, reajustar\u00e1 em 5,15% as contas de luz dos clientes residenciais. O aumento m\u00e9dio, incluindo os consumidores de alta e baixa tens\u00e3o, ficou em [&hellip;]<\/p>\n","protected":false},"author":2,"featured_media":57584,"comment_status":"open","ping_status":"closed","sticky":false,"template":"","format":"standard","meta":{"_genesis_hide_title":false,"_genesis_hide_breadcrumbs":false,"_genesis_hide_singular_image":false,"_genesis_hide_footer_widgets":false,"_genesis_custom_body_class":"","_genesis_custom_post_class":"","_genesis_layout":"","_jetpack_memberships_contains_paid_content":false,"footnotes":""},"categories":[22,7],"tags":[],"class_list":{"0":"post-115999","1":"post","2":"type-post","3":"status-publish","4":"format-standard","5":"has-post-thumbnail","7":"category-brasil","8":"category-economia","9":"entry","10":"gs-1","11":"gs-odd","12":"gs-even","13":"gs-featured-content-entry"},"jetpack_featured_media_url":"https:\/\/www.redenoticia.com.br\/noticia\/imagens\/economia-grafica-analise-inflacao.jpg","jetpack_sharing_enabled":true,"jetpack_likes_enabled":true,"_links":{"self":[{"href":"https:\/\/www.redenoticia.com.br\/noticia\/wp-json\/wp\/v2\/posts\/115999","targetHints":{"allow":["GET"]}}],"collection":[{"href":"https:\/\/www.redenoticia.com.br\/noticia\/wp-json\/wp\/v2\/posts"}],"about":[{"href":"https:\/\/www.redenoticia.com.br\/noticia\/wp-json\/wp\/v2\/types\/post"}],"author":[{"embeddable":true,"href":"https:\/\/www.redenoticia.com.br\/noticia\/wp-json\/wp\/v2\/users\/2"}],"replies":[{"embeddable":true,"href":"https:\/\/www.redenoticia.com.br\/noticia\/wp-json\/wp\/v2\/comments?post=115999"}],"version-history":[{"count":0,"href":"https:\/\/www.redenoticia.com.br\/noticia\/wp-json\/wp\/v2\/posts\/115999\/revisions"}],"wp:featuredmedia":[{"embeddable":true,"href":"https:\/\/www.redenoticia.com.br\/noticia\/wp-json\/wp\/v2\/media\/57584"}],"wp:attachment":[{"href":"https:\/\/www.redenoticia.com.br\/noticia\/wp-json\/wp\/v2\/media?parent=115999"}],"wp:term":[{"taxonomy":"category","embeddable":true,"href":"https:\/\/www.redenoticia.com.br\/noticia\/wp-json\/wp\/v2\/categories?post=115999"},{"taxonomy":"post_tag","embeddable":true,"href":"https:\/\/www.redenoticia.com.br\/noticia\/wp-json\/wp\/v2\/tags?post=115999"}],"curies":[{"name":"wp","href":"https:\/\/api.w.org\/{rel}","templated":true}]}}