{"id":115998,"date":"2017-06-28T00:10:08","date_gmt":"2017-06-28T03:10:08","guid":{"rendered":"https:\/\/www.redenoticia.com.br\/noticia\/?p=115998"},"modified":"2017-06-27T19:13:06","modified_gmt":"2017-06-27T22:13:06","slug":"saida-de-dolares-supera-entrada-em-us-52-bilhoes-nos-dados-parciais-de-junho","status":"publish","type":"post","link":"https:\/\/www.redenoticia.com.br\/noticia\/2017\/saida-de-dolares-supera-entrada-em-us-52-bilhoes-nos-dados-parciais-de-junho\/115998","title":{"rendered":"Sa\u00edda de d\u00f3lares supera entrada em US$ 5,2 bilh\u00f5es nos dados parciais de junho"},"content":{"rendered":"<p> O Banco Central (BC) registrou a sa\u00edda de US$ 5,279 bilh\u00f5es do pa\u00eds este m\u00eas at\u00e9 a \u00faltima sexta-feira (23). Em todo o m\u00eas de junho de 2016, o pa\u00eds acusou a sa\u00edda l\u00edquida (descontada a entrada) de US$ 3,560 bilh\u00f5es. O resultado negativo, com <strong><em>sa\u00edda superior \u00e0 entrada de d\u00f3lares<\/em><\/strong>, veio do segmento financeiro, com d\u00e9ficit de US$ 8,564 bilh\u00f5es. O segmento comercial anotou saldo positivo de US$ 3,285 bilh\u00f5es no per\u00edodo.<\/p>\n<p>A forte sa\u00edda de d\u00f3lares do pa\u00eds ocorre em meio ao agravamento da crise pol\u00edtica, gerada ap\u00f3s a divulga\u00e7\u00e3o da dela\u00e7\u00e3o premiada empres\u00e1rio Joesley Batista, um dos donos da JBS, no dia 17 de maio. Entretanto, o chefe-adjunto do Departamento Econ\u00f4mico do BC, Fernando Rocha, disse n\u00e3o ter informa\u00e7\u00f5es para relacionar esse volume de sa\u00edda de d\u00f3lares com o atual momento pol\u00edtico.<\/p>\n<p>Empr\u00e9stimos no exterior<\/p>\n<p>Rocha destacou que houve queda na renova\u00e7\u00e3o de empr\u00e9stimos tomados no exterior. Em maio, a taxa de rolagem (raz\u00e3o entre desembolsos e amortiza\u00e7\u00f5es) estava em 149% e caiu para 60% no resultado parcial de junho, at\u00e9 o dia 23. Quando essa raz\u00e3o entre desembolsos e amortiza\u00e7\u00f5es est\u00e1 acima de 100%, significa que n\u00e3o somente houve rolagem de vencimentos, mas tamb\u00e9m foram tomados mais recursos emprestados.<\/p>\n<p>Investimentos em t\u00edtulos e a\u00e7\u00f5es<\/p>\n<p>Os dados preliminares de junho indicam que houve sa\u00edda de US$ 1,376 bilh\u00e3o em investimentos estrangeiros em a\u00e7\u00f5es. Tamb\u00e9m houve sa\u00edda de recursos aplicados em t\u00edtulos de renda fixa no mercado dom\u00e9stico, no total de US$ 1,589 bilh\u00e3o, em junho, at\u00e9 o dia 23.<\/p>\n<p>Cota\u00e7\u00e3o do d\u00f3lar<\/p>\n<p>A sa\u00edda de d\u00f3lares do pa\u00eds \u00e9 um dos fatores que pode afetar a cota\u00e7\u00e3o da moeda. Quando h\u00e1 menos d\u00f3lares no mercado, a tend\u00eancia \u00e9 o pre\u00e7o subir. Hoje, por volta das 13h30, o d\u00f3lar comercial era negociado para venda a R$ 3,32, com alta de 0,69%. Em maio, a moeda fechou em R$ 3,23.<\/p>\n<p>Kelly Oliveira &#8211; Rep\u00f3rter da Ag\u00eancia Brasil<br \/>\nEdi\u00e7\u00e3o: Kleber Sampaio<br \/>\n28\/06\/2017<\/p>\n","protected":false},"excerpt":{"rendered":"<p>O Banco Central (BC) registrou a sa\u00edda de US$ 5,279 bilh\u00f5es do pa\u00eds este m\u00eas at\u00e9 a \u00faltima sexta-feira (23). Em todo o m\u00eas de junho de 2016, o pa\u00eds acusou a sa\u00edda l\u00edquida (descontada a entrada) de US$ 3,560 bilh\u00f5es. O resultado negativo, com sa\u00edda superior \u00e0 entrada de d\u00f3lares, veio do segmento financeiro, [&hellip;]<\/p>\n","protected":false},"author":2,"featured_media":38938,"comment_status":"open","ping_status":"closed","sticky":false,"template":"","format":"standard","meta":{"_genesis_hide_title":false,"_genesis_hide_breadcrumbs":false,"_genesis_hide_singular_image":false,"_genesis_hide_footer_widgets":false,"_genesis_custom_body_class":"","_genesis_custom_post_class":"","_genesis_layout":"","_jetpack_memberships_contains_paid_content":false,"footnotes":""},"categories":[22,7],"tags":[],"class_list":{"0":"post-115998","1":"post","2":"type-post","3":"status-publish","4":"format-standard","5":"has-post-thumbnail","7":"category-brasil","8":"category-economia","9":"entry","10":"gs-1","11":"gs-odd","12":"gs-even","13":"gs-featured-content-entry"},"jetpack_featured_media_url":"https:\/\/www.redenoticia.com.br\/noticia\/imagens\/economia1.jpg","jetpack_sharing_enabled":true,"jetpack_likes_enabled":true,"_links":{"self":[{"href":"https:\/\/www.redenoticia.com.br\/noticia\/wp-json\/wp\/v2\/posts\/115998","targetHints":{"allow":["GET"]}}],"collection":[{"href":"https:\/\/www.redenoticia.com.br\/noticia\/wp-json\/wp\/v2\/posts"}],"about":[{"href":"https:\/\/www.redenoticia.com.br\/noticia\/wp-json\/wp\/v2\/types\/post"}],"author":[{"embeddable":true,"href":"https:\/\/www.redenoticia.com.br\/noticia\/wp-json\/wp\/v2\/users\/2"}],"replies":[{"embeddable":true,"href":"https:\/\/www.redenoticia.com.br\/noticia\/wp-json\/wp\/v2\/comments?post=115998"}],"version-history":[{"count":0,"href":"https:\/\/www.redenoticia.com.br\/noticia\/wp-json\/wp\/v2\/posts\/115998\/revisions"}],"wp:featuredmedia":[{"embeddable":true,"href":"https:\/\/www.redenoticia.com.br\/noticia\/wp-json\/wp\/v2\/media\/38938"}],"wp:attachment":[{"href":"https:\/\/www.redenoticia.com.br\/noticia\/wp-json\/wp\/v2\/media?parent=115998"}],"wp:term":[{"taxonomy":"category","embeddable":true,"href":"https:\/\/www.redenoticia.com.br\/noticia\/wp-json\/wp\/v2\/categories?post=115998"},{"taxonomy":"post_tag","embeddable":true,"href":"https:\/\/www.redenoticia.com.br\/noticia\/wp-json\/wp\/v2\/tags?post=115998"}],"curies":[{"name":"wp","href":"https:\/\/api.w.org\/{rel}","templated":true}]}}