{"id":115993,"date":"2017-06-28T00:09:26","date_gmt":"2017-06-28T03:09:26","guid":{"rendered":"https:\/\/www.redenoticia.com.br\/noticia\/?p=115993"},"modified":"2017-06-27T19:11:06","modified_gmt":"2017-06-27T22:11:06","slug":"contas-externas-tem-em-maio-o-melhor-resultado-para-o-mes-na-serie-historica","status":"publish","type":"post","link":"https:\/\/www.redenoticia.com.br\/noticia\/2017\/contas-externas-tem-em-maio-o-melhor-resultado-para-o-mes-na-serie-historica\/115993","title":{"rendered":"Contas externas t\u00eam em maio o melhor resultado para o m\u00eas na s\u00e9rie hist\u00f3rica"},"content":{"rendered":"<p> O pa\u00eds registrou, pelo terceiro m\u00eas seguido, saldo positivo nas <strong><em>contas externas<\/em><\/strong>. Em maio, o super\u00e1vit em transa\u00e7\u00f5es correntes, que s\u00e3o as compras e as vendas de mercadorias e servi\u00e7os e transfer\u00eancias de renda do pa\u00eds com o mundo, ficou em US$ 2,884 bilh\u00f5es, informou o Banco Central (BC). Esse foi o maior resultado para o m\u00eas na s\u00e9rie hist\u00f3rica iniciada em 1995. Em maio de 2016, tamb\u00e9m foi registrado saldo positivo, de US$ 1,186 bilh\u00e3o.<\/p>\n<p>O resultado de maio tamb\u00e9m \u00e9 o melhor desde julho de 2006, quando chegou a US$ 3,007 bilh\u00f5es. Nos cinco meses do ano, houve d\u00e9ficit de US$ 616 milh\u00f5es, resultado bem menor do que o registrado em igual per\u00edodo de 2016 (US$ 5,998 bilh\u00f5es).<\/p>\n<p>Proje\u00e7\u00f5es<\/p>\n<p>O resultado positivo nas contas externas \u00e9 influenciado pelo saldo comercial. Em maio, o super\u00e1vit comercial chegou a US$ 7,419 bilh\u00f5es e acumulou US$ 27,973 bilh\u00f5es, nos cinco meses do ano. Para o ano, o BC revisou a proje\u00e7\u00e3o do super\u00e1vit comercial de US$ 51 bilh\u00f5es para US$ 54 bilh\u00f5es. Esse foi principal fator que levou \u00e0 redu\u00e7\u00e3o na proje\u00e7\u00e3o de d\u00e9ficit das transa\u00e7\u00f5es correntes de US$ 30 bilh\u00f5es para US$ 24 bilh\u00f5es.<\/p>\n<p>Em rela\u00e7\u00e3o a tudo o que o pa\u00eds produz, o Produto Interno Bruto (PIB), o saldo negativo deve corresponder a 1,19%, contra 1,45% previstos em mar\u00e7o pelo BC.<\/p>\n<p>A conta de servi\u00e7os (viagens internacionais, transportes, aluguel de equipamentos, seguros, entre outros) deve apresentar resultado negativo de US$ 34 bilh\u00f5es. A estimativa anterior era US$ 36,7 bilh\u00f5es.<\/p>\n<p>No balan\u00e7o das transa\u00e7\u00f5es correntes, a conta de renda prim\u00e1ria (lucros e dividendos, pagamentos de juros e sal\u00e1rios) deve apresentar saldo negativo de US$ 46,8 bilh\u00f5es, contra US$ 47,6 bilh\u00f5es previstos anteriormente.<\/p>\n<p>A conta de renda secund\u00e1ria (renda gerada em uma economia e distribu\u00edda para outra, como doa\u00e7\u00f5es e remessas de d\u00f3lares, sem contrapartida de servi\u00e7os ou bens) deve registrar saldo positivo de US$ 2,8 bilh\u00f5es, ante US$ 3,3 bilh\u00f5es previstos em mar\u00e7o.<\/p>\n<p>Quando o pa\u00eds registra saldo negativo em transa\u00e7\u00f5es correntes, precisa cobrir esse d\u00e9ficit com investimentos ou empr\u00e9stimos no exterior. A melhor forma de financiamento do saldo negativo \u00e9 o investimento direto no pa\u00eds (IDP), porque recursos s\u00e3o aplicados no setor produtivo do pa\u00eds. A proje\u00e7\u00e3o do BC \u00e9 que, este ano, esses recursos sejam mais que suficientes para cobrir o saldo negativo das contas externas porque devem chegar a US$ 75 bilh\u00f5es, a mesma proje\u00e7\u00e3o anterior. Em rela\u00e7\u00e3o ao PIB, esse valor deve corresponder a 3,71%.<\/p>\n<p>O chefe adjunto do Departamento Econ\u00f4mico do BC, Fernando Rocha, afirmou que, em maio, o IDP de US$ 2,926 bilh\u00f5es foi o menor para o m\u00eas desde 2009, quando ficou em US$ 2,869 bilh\u00f5es. Segundo Rocha, isso ocorreu porque n\u00e3o houve investimentos de maior porte em maio. Para junho, o cen\u00e1rio deve se manter, com proje\u00e7\u00e3o para o IDP de US$ 2,5 bilh\u00f5es.<\/p>\n<p>Rocha destacou que os volumes menores em maio e neste m\u00eas n\u00e3o levam a mudan\u00e7as na proje\u00e7\u00e3o para os investimentos no ano. \u201cN\u00e3o imaginamos que isso seja uma tend\u00eancia para o segundo semestre. N\u00e3o implicam uma revis\u00e3o da proje\u00e7\u00e3o do Banco Central\u201d, disse.<\/p>\n<p>Rocha tamb\u00e9m afirmou que, por serem decis\u00f5es de investimento de longo prazo, a redu\u00e7\u00e3o dos investimentos n\u00e3o est\u00e1 relacionada \u00e0 crise pol\u00edtica. \u201cO investimento direto no pa\u00eds trata de compra de empresas ou capitaliza\u00e7\u00e3o. Essas decis\u00f5es n\u00e3o s\u00e3o tomadas de imediato. Existe um per\u00edodo bastante razo\u00e1vel de negocia\u00e7\u00f5es. S\u00e3o decis\u00f5es que miram um cen\u00e1rio de longo prazo. N\u00e3o parece que essa possa ser a raz\u00e3o [crise pol\u00edtica] para isso\u201d, disse.<\/p>\n<p>Kelly Oliveira \u2013 Rep\u00f3rter da Ag\u00eancia Brasil<br \/>\nEdi\u00e7\u00e3o: Maria Claudia<br \/>\n28\/06\/2017<\/p>\n","protected":false},"excerpt":{"rendered":"<p>O pa\u00eds registrou, pelo terceiro m\u00eas seguido, saldo positivo nas contas externas. Em maio, o super\u00e1vit em transa\u00e7\u00f5es correntes, que s\u00e3o as compras e as vendas de mercadorias e servi\u00e7os e transfer\u00eancias de renda do pa\u00eds com o mundo, ficou em US$ 2,884 bilh\u00f5es, informou o Banco Central (BC). Esse foi o maior resultado para [&hellip;]<\/p>\n","protected":false},"author":2,"featured_media":57585,"comment_status":"open","ping_status":"closed","sticky":false,"template":"","format":"standard","meta":{"_genesis_hide_title":false,"_genesis_hide_breadcrumbs":false,"_genesis_hide_singular_image":false,"_genesis_hide_footer_widgets":false,"_genesis_custom_body_class":"","_genesis_custom_post_class":"","_genesis_layout":"","_jetpack_memberships_contains_paid_content":false,"footnotes":""},"categories":[22,7],"tags":[],"class_list":{"0":"post-115993","1":"post","2":"type-post","3":"status-publish","4":"format-standard","5":"has-post-thumbnail","7":"category-brasil","8":"category-economia","9":"entry","10":"gs-1","11":"gs-odd","12":"gs-even","13":"gs-featured-content-entry"},"jetpack_featured_media_url":"https:\/\/www.redenoticia.com.br\/noticia\/imagens\/analise-economia.jpg","jetpack_sharing_enabled":true,"jetpack_likes_enabled":true,"_links":{"self":[{"href":"https:\/\/www.redenoticia.com.br\/noticia\/wp-json\/wp\/v2\/posts\/115993","targetHints":{"allow":["GET"]}}],"collection":[{"href":"https:\/\/www.redenoticia.com.br\/noticia\/wp-json\/wp\/v2\/posts"}],"about":[{"href":"https:\/\/www.redenoticia.com.br\/noticia\/wp-json\/wp\/v2\/types\/post"}],"author":[{"embeddable":true,"href":"https:\/\/www.redenoticia.com.br\/noticia\/wp-json\/wp\/v2\/users\/2"}],"replies":[{"embeddable":true,"href":"https:\/\/www.redenoticia.com.br\/noticia\/wp-json\/wp\/v2\/comments?post=115993"}],"version-history":[{"count":0,"href":"https:\/\/www.redenoticia.com.br\/noticia\/wp-json\/wp\/v2\/posts\/115993\/revisions"}],"wp:featuredmedia":[{"embeddable":true,"href":"https:\/\/www.redenoticia.com.br\/noticia\/wp-json\/wp\/v2\/media\/57585"}],"wp:attachment":[{"href":"https:\/\/www.redenoticia.com.br\/noticia\/wp-json\/wp\/v2\/media?parent=115993"}],"wp:term":[{"taxonomy":"category","embeddable":true,"href":"https:\/\/www.redenoticia.com.br\/noticia\/wp-json\/wp\/v2\/categories?post=115993"},{"taxonomy":"post_tag","embeddable":true,"href":"https:\/\/www.redenoticia.com.br\/noticia\/wp-json\/wp\/v2\/tags?post=115993"}],"curies":[{"name":"wp","href":"https:\/\/api.w.org\/{rel}","templated":true}]}}