{"id":115992,"date":"2017-06-28T00:08:12","date_gmt":"2017-06-28T03:08:12","guid":{"rendered":"https:\/\/www.redenoticia.com.br\/noticia\/?p=115992"},"modified":"2017-06-27T19:09:01","modified_gmt":"2017-06-27T22:09:01","slug":"indice-nacional-de-custo-da-construcao-registra-inflacao-de-136-em-junho","status":"publish","type":"post","link":"https:\/\/www.redenoticia.com.br\/noticia\/2017\/indice-nacional-de-custo-da-construcao-registra-inflacao-de-136-em-junho\/115992","title":{"rendered":"\u00cdndice Nacional de Custo da Constru\u00e7\u00e3o registra infla\u00e7\u00e3o de 1,36% em junho"},"content":{"rendered":"<p> O <strong><em>\u00cdndice Nacional de Custo da Constru\u00e7\u00e3o<\/em><\/strong>\u2013M (INCC-M) registrou taxa de infla\u00e7\u00e3o de 1,36%, em junho. A varia\u00e7\u00e3o de pre\u00e7os ficou acima do 0,13% registrado em maio. O INCC-M acumula taxas de 2,61% no ano e de 5,12% em 12 meses. O dado foi divulgado pela Funda\u00e7\u00e3o Getulio Vargas (FGV).<\/p>\n<p>A infla\u00e7\u00e3o foi puxada principalmente pelo custo da m\u00e3o de obra, que ficou 2,48% mais cara em junho. Entre os profissionais que ficaram mais caros, o destaque s\u00e3o os t\u00e9cnicos (2,65%), seguidos pelos especializados (2,39%) e auxiliares (2,35%). Em 12 meses, a m\u00e3o de obra acumula infla\u00e7\u00e3o de 8,13%.<\/p>\n<p>O \u00edndice relativo a materiais, equipamentos e servi\u00e7os teve varia\u00e7\u00e3o de pre\u00e7os de apenas 0,02%. Os materiais e equipamentos ficaram 0,08% mais baratos, enquanto os servi\u00e7os ficaram 0,39% mais caros. Os materiais, equipamentos e servi\u00e7os acumulam alta de 1,66% em 12 meses.<\/p>\n<p>Vitor Abdala \u2013 Rep\u00f3rter da Ag\u00eancia Brasil<br \/>\nEdi\u00e7\u00e3o: Gra\u00e7a Adjuto<br \/>\n28\/06\/2017<br \/>\n&#8212;<br \/>\nSobre a EBC &#8211; criada em 2007 para fortalecer o sistema p\u00fablico de comunica\u00e7\u00e3o, a EBC \u00e9 gestora da TV Brasil, TV Brasil Internacional, Ag\u00eancia Brasil, Radioag\u00eancia Nacional e do sistema p\u00fablico de R\u00e1dio, composto por oito emissoras: R\u00e1dio Nacional AM do Rio de Janeiro (1.130 KHz), R\u00e1dio Nacional AM de Bras\u00edlia (980 KHz), Nacional FM de Bras\u00edlia (96,1 MHz), R\u00e1dio MEC AM do Rio de Janeiro (800 KHz), MEC FM do Rio de Janeiro (99,3 MHz), R\u00e1dio Nacional da Amaz\u00f4nia OC (11.780 KHz e 6.180 KHz), R\u00e1dio Nacional AM do Alto Solim\u00f5es (670 KHz) e R\u00e1dio Nacional FM do Alto Solim\u00f5es (96.1 MHz). Por sua independ\u00eancia editorial, os ve\u00edculos p\u00fablicos distinguem-se dos canais estatais ou governamentais. A rede de emissoras produz conte\u00fados diferenciados que a singulariza por espelhar de maneira mais fidedigna a complexidade cultural brasileira, ocupando um espa\u00e7o complementar, n\u00e3o preenchido pelos canais privados.<\/p>\n","protected":false},"excerpt":{"rendered":"<p>O \u00cdndice Nacional de Custo da Constru\u00e7\u00e3o\u2013M (INCC-M) registrou taxa de infla\u00e7\u00e3o de 1,36%, em junho. A varia\u00e7\u00e3o de pre\u00e7os ficou acima do 0,13% registrado em maio. O INCC-M acumula taxas de 2,61% no ano e de 5,12% em 12 meses. O dado foi divulgado pela Funda\u00e7\u00e3o Getulio Vargas (FGV). A infla\u00e7\u00e3o foi puxada principalmente [&hellip;]<\/p>\n","protected":false},"author":2,"featured_media":34916,"comment_status":"open","ping_status":"closed","sticky":false,"template":"","format":"standard","meta":{"_genesis_hide_title":false,"_genesis_hide_breadcrumbs":false,"_genesis_hide_singular_image":false,"_genesis_hide_footer_widgets":false,"_genesis_custom_body_class":"","_genesis_custom_post_class":"","_genesis_layout":"","_jetpack_memberships_contains_paid_content":false,"footnotes":""},"categories":[22,7],"tags":[],"class_list":{"0":"post-115992","1":"post","2":"type-post","3":"status-publish","4":"format-standard","5":"has-post-thumbnail","7":"category-brasil","8":"category-economia","9":"entry","10":"gs-1","11":"gs-odd","12":"gs-even","13":"gs-featured-content-entry"},"jetpack_featured_media_url":"https:\/\/www.redenoticia.com.br\/noticia\/imagens\/inflacao.jpg","jetpack_sharing_enabled":true,"jetpack_likes_enabled":true,"_links":{"self":[{"href":"https:\/\/www.redenoticia.com.br\/noticia\/wp-json\/wp\/v2\/posts\/115992","targetHints":{"allow":["GET"]}}],"collection":[{"href":"https:\/\/www.redenoticia.com.br\/noticia\/wp-json\/wp\/v2\/posts"}],"about":[{"href":"https:\/\/www.redenoticia.com.br\/noticia\/wp-json\/wp\/v2\/types\/post"}],"author":[{"embeddable":true,"href":"https:\/\/www.redenoticia.com.br\/noticia\/wp-json\/wp\/v2\/users\/2"}],"replies":[{"embeddable":true,"href":"https:\/\/www.redenoticia.com.br\/noticia\/wp-json\/wp\/v2\/comments?post=115992"}],"version-history":[{"count":0,"href":"https:\/\/www.redenoticia.com.br\/noticia\/wp-json\/wp\/v2\/posts\/115992\/revisions"}],"wp:featuredmedia":[{"embeddable":true,"href":"https:\/\/www.redenoticia.com.br\/noticia\/wp-json\/wp\/v2\/media\/34916"}],"wp:attachment":[{"href":"https:\/\/www.redenoticia.com.br\/noticia\/wp-json\/wp\/v2\/media?parent=115992"}],"wp:term":[{"taxonomy":"category","embeddable":true,"href":"https:\/\/www.redenoticia.com.br\/noticia\/wp-json\/wp\/v2\/categories?post=115992"},{"taxonomy":"post_tag","embeddable":true,"href":"https:\/\/www.redenoticia.com.br\/noticia\/wp-json\/wp\/v2\/tags?post=115992"}],"curies":[{"name":"wp","href":"https:\/\/api.w.org\/{rel}","templated":true}]}}