{"id":115872,"date":"2017-06-27T00:11:09","date_gmt":"2017-06-27T03:11:09","guid":{"rendered":"https:\/\/www.redenoticia.com.br\/noticia\/?p=115872"},"modified":"2017-06-26T15:55:51","modified_gmt":"2017-06-26T18:55:51","slug":"aumenta-o-numero-de-cheques-devolvidos-por-falta-de-fundos","status":"publish","type":"post","link":"https:\/\/www.redenoticia.com.br\/noticia\/2017\/aumenta-o-numero-de-cheques-devolvidos-por-falta-de-fundos\/115872","title":{"rendered":"Aumenta o n\u00famero de cheques devolvidos por falta de fundos"},"content":{"rendered":"<p> A taxa de <strong><em>devolu\u00e7\u00e3o de cheques<\/em><\/strong> por falta de fundos no pa\u00eds passou de 2,14%, em abril, para 2,15%, em maio \u00faltimo, em rela\u00e7\u00e3o ao total de documentos compensados no per\u00edodo, segundo o Indicador Serasa Experian de Cheques Sem Fundos. No acumulado dos cinco primeiro meses, o percentual alcan\u00e7ou 2,18%.<\/p>\n<p>Foram devolvidos 958.819 cheques por insufici\u00eancia de saldo, de um total de 44.575.586 compensados. No \u00faltimo m\u00eas de abril, foram registradas 815.503 devolu\u00e7\u00f5es de um total de 38.068.259 compensados.<\/p>\n<p>Em nota, os economistas da Serasa Experian disseram que a inadimpl\u00eancia com cheques reflete a atua\u00e7\u00e3o de for\u00e7as antag\u00f4nicas que se anulam no curto prazo. &#8220;Por um lado, h\u00e1 a redu\u00e7\u00e3o da infla\u00e7\u00e3o e dos juros, que favorece o recuo dos \u00edndices de inadimplentes, mas, por outro lado, o elevado n\u00edvel de desemprego no pa\u00eds acaba atuando na dire\u00e7\u00e3o contr\u00e1ria, pressionando para cima a inadimpl\u00eancia\u201d.<\/p>\n<p>Para os economistas, a melhora no quadro s\u00f3 deve ocorrer quando a taxa de desemprego come\u00e7ar a cair.<\/p>\n<p>A Regi\u00e3o Norte lidera a inadimpl\u00eancia com cheques, apresentando taxa de 4,23% nos cinco primeiros meses do ano. Em sentido oposto, a Regi\u00e3o Sul mostra a menor propor\u00e7\u00e3o (1,82%).<\/p>\n<p>O maior calote ocorreu no Amap\u00e1 (18,69%) e a taxa mais baixa foi verificada em S\u00e3o Paulo (1,73%).<\/p>\n<p>Marli Moreira \u2013 Rep\u00f3rter da Ag\u00eancia Brasil<br \/>\nEdi\u00e7\u00e3o: Maria Claudia<br \/>\n27\/06\/2017<\/p>\n","protected":false},"excerpt":{"rendered":"<p>A taxa de devolu\u00e7\u00e3o de cheques por falta de fundos no pa\u00eds passou de 2,14%, em abril, para 2,15%, em maio \u00faltimo, em rela\u00e7\u00e3o ao total de documentos compensados no per\u00edodo, segundo o Indicador Serasa Experian de Cheques Sem Fundos. No acumulado dos cinco primeiro meses, o percentual alcan\u00e7ou 2,18%. Foram devolvidos 958.819 cheques por [&hellip;]<\/p>\n","protected":false},"author":2,"featured_media":57583,"comment_status":"open","ping_status":"closed","sticky":false,"template":"","format":"standard","meta":{"_genesis_hide_title":false,"_genesis_hide_breadcrumbs":false,"_genesis_hide_singular_image":false,"_genesis_hide_footer_widgets":false,"_genesis_custom_body_class":"","_genesis_custom_post_class":"","_genesis_layout":"","_jetpack_memberships_contains_paid_content":false,"footnotes":""},"categories":[22,7],"tags":[],"class_list":{"0":"post-115872","1":"post","2":"type-post","3":"status-publish","4":"format-standard","5":"has-post-thumbnail","7":"category-brasil","8":"category-economia","9":"entry","10":"gs-1","11":"gs-odd","12":"gs-even","13":"gs-featured-content-entry"},"jetpack_featured_media_url":"https:\/\/www.redenoticia.com.br\/noticia\/imagens\/economia-grafico.jpg","jetpack_sharing_enabled":true,"jetpack_likes_enabled":true,"_links":{"self":[{"href":"https:\/\/www.redenoticia.com.br\/noticia\/wp-json\/wp\/v2\/posts\/115872","targetHints":{"allow":["GET"]}}],"collection":[{"href":"https:\/\/www.redenoticia.com.br\/noticia\/wp-json\/wp\/v2\/posts"}],"about":[{"href":"https:\/\/www.redenoticia.com.br\/noticia\/wp-json\/wp\/v2\/types\/post"}],"author":[{"embeddable":true,"href":"https:\/\/www.redenoticia.com.br\/noticia\/wp-json\/wp\/v2\/users\/2"}],"replies":[{"embeddable":true,"href":"https:\/\/www.redenoticia.com.br\/noticia\/wp-json\/wp\/v2\/comments?post=115872"}],"version-history":[{"count":0,"href":"https:\/\/www.redenoticia.com.br\/noticia\/wp-json\/wp\/v2\/posts\/115872\/revisions"}],"wp:featuredmedia":[{"embeddable":true,"href":"https:\/\/www.redenoticia.com.br\/noticia\/wp-json\/wp\/v2\/media\/57583"}],"wp:attachment":[{"href":"https:\/\/www.redenoticia.com.br\/noticia\/wp-json\/wp\/v2\/media?parent=115872"}],"wp:term":[{"taxonomy":"category","embeddable":true,"href":"https:\/\/www.redenoticia.com.br\/noticia\/wp-json\/wp\/v2\/categories?post=115872"},{"taxonomy":"post_tag","embeddable":true,"href":"https:\/\/www.redenoticia.com.br\/noticia\/wp-json\/wp\/v2\/tags?post=115872"}],"curies":[{"name":"wp","href":"https:\/\/api.w.org\/{rel}","templated":true}]}}