{"id":115870,"date":"2017-06-27T00:10:21","date_gmt":"2017-06-27T03:10:21","guid":{"rendered":"https:\/\/www.redenoticia.com.br\/noticia\/?p=115870"},"modified":"2017-06-26T15:55:08","modified_gmt":"2017-06-26T18:55:08","slug":"vendas-do-comercio-lojista-da-cidade-do-rio-caem-52-em-maio","status":"publish","type":"post","link":"https:\/\/www.redenoticia.com.br\/noticia\/2017\/vendas-do-comercio-lojista-da-cidade-do-rio-caem-52-em-maio\/115870","title":{"rendered":"Vendas do com\u00e9rcio lojista da cidade do Rio caem 5,2% em maio"},"content":{"rendered":"<p> As <strong><em>vendas do com\u00e9rcio lojista<\/em><\/strong> da cidade do Rio de Janeiro recuaram 5,2% em maio, em compara\u00e7\u00e3o com o mesmo m\u00eas de 2016, de acordo com a pesquisa Term\u00f4metro de Vendas divulgada mensalmente pelo Centro de Estudos do Clube de Diretores Lojistas do Rio de Janeiro (CDLRio). O estudo aponta que esse foi o pior m\u00eas de maio dos \u00faltimos quatorze anos.<\/p>\n<p>No acumulado dos cinco meses (janeiro\/maio) as vendas tamb\u00e9m recuaram 7,9% em compara\u00e7\u00e3o com o mesmo per\u00edodo de 2016. Em maio, em rela\u00e7\u00e3o ao m\u00eas anterior (abril), houve um aumento de 6,8%. Foram ouvidos cerca de 500 estabelecimentos comerciais.<\/p>\n<p>Segundo o presidente do CDLRio, Aldo Gon\u00e7alves, o resultado de maio continua refletindo a situa\u00e7\u00e3o cr\u00edtica que o pa\u00eds atravessa. \u201cAl\u00e9m disso, o m\u00eas de maio tamb\u00e9m foi influenciado pelo fraco desempenho das vendas no Dia da M\u00e3es, uma das datas comemorativas mais fortes para o com\u00e9rcio\u201d, disse.<\/p>\n<p>Todos os setores do ramo mole (bens n\u00e3o dur\u00e1veis) e do ramo duro (bens dur\u00e1veis) apresentaram resultados negativos. Os que registraram as maiores quedas no faturamento no ramo mole foram tecidos (- 4,1%), confec\u00e7\u00f5es (- 2,3%) e cal\u00e7ados (-1,9%) e no ramo duro (bens dur\u00e1veis), m\u00f3veis (-7,1%), eletro (-5,8%), \u00f3ticas (-4,4%) e joias (-1,5%). A venda a prazo e a venda \u00e0 vista foram as formas de pagamento preferidas pelos consumidores. O faturamento das lojas conforme a localiza\u00e7\u00e3o dos estabelecimentos foram todos negativos.<\/p>\n<p>Inadimpl\u00eancia<\/p>\n<p>Ainda segundo a pesquisa, a inadimpl\u00eancia foi a maior no com\u00e9rcio carioca para o m\u00eas de maio desde 2013, e cresceu 1,5% em rela\u00e7\u00e3o ao mesmo m\u00eas do ano passado.<\/p>\n<p>No acumulado dos cinco meses do ano (janeiro\/maio) em rela\u00e7\u00e3o ao mesmo per\u00edodo de 2016, a inadimpl\u00eancia e as d\u00edvidas quitadas cresceram, respectivamente, 1,3% e 0,5%. Ao comparar maio com abril deste ano, as consultas, a inadimpl\u00eancia e as d\u00edvidas quitadas aumentaram, respectivamente, 7,4%, 4,7% e 0,8%.<\/p>\n<p>Fl\u00e1via Villela &#8211; Rep\u00f3rter da Ag\u00eancia Brasil<br \/>\nEdi\u00e7\u00e3o: Fernando Fraga<br \/>\n27\/06\/2017<\/p>\n","protected":false},"excerpt":{"rendered":"<p>As vendas do com\u00e9rcio lojista da cidade do Rio de Janeiro recuaram 5,2% em maio, em compara\u00e7\u00e3o com o mesmo m\u00eas de 2016, de acordo com a pesquisa Term\u00f4metro de Vendas divulgada mensalmente pelo Centro de Estudos do Clube de Diretores Lojistas do Rio de Janeiro (CDLRio). O estudo aponta que esse foi o pior [&hellip;]<\/p>\n","protected":false},"author":2,"featured_media":57584,"comment_status":"open","ping_status":"closed","sticky":false,"template":"","format":"standard","meta":{"_genesis_hide_title":false,"_genesis_hide_breadcrumbs":false,"_genesis_hide_singular_image":false,"_genesis_hide_footer_widgets":false,"_genesis_custom_body_class":"","_genesis_custom_post_class":"","_genesis_layout":"","_jetpack_memberships_contains_paid_content":false,"footnotes":""},"categories":[22,7],"tags":[],"class_list":{"0":"post-115870","1":"post","2":"type-post","3":"status-publish","4":"format-standard","5":"has-post-thumbnail","7":"category-brasil","8":"category-economia","9":"entry","10":"gs-1","11":"gs-odd","12":"gs-even","13":"gs-featured-content-entry"},"jetpack_featured_media_url":"https:\/\/www.redenoticia.com.br\/noticia\/imagens\/economia-grafica-analise-inflacao.jpg","jetpack_sharing_enabled":true,"jetpack_likes_enabled":true,"_links":{"self":[{"href":"https:\/\/www.redenoticia.com.br\/noticia\/wp-json\/wp\/v2\/posts\/115870","targetHints":{"allow":["GET"]}}],"collection":[{"href":"https:\/\/www.redenoticia.com.br\/noticia\/wp-json\/wp\/v2\/posts"}],"about":[{"href":"https:\/\/www.redenoticia.com.br\/noticia\/wp-json\/wp\/v2\/types\/post"}],"author":[{"embeddable":true,"href":"https:\/\/www.redenoticia.com.br\/noticia\/wp-json\/wp\/v2\/users\/2"}],"replies":[{"embeddable":true,"href":"https:\/\/www.redenoticia.com.br\/noticia\/wp-json\/wp\/v2\/comments?post=115870"}],"version-history":[{"count":0,"href":"https:\/\/www.redenoticia.com.br\/noticia\/wp-json\/wp\/v2\/posts\/115870\/revisions"}],"wp:featuredmedia":[{"embeddable":true,"href":"https:\/\/www.redenoticia.com.br\/noticia\/wp-json\/wp\/v2\/media\/57584"}],"wp:attachment":[{"href":"https:\/\/www.redenoticia.com.br\/noticia\/wp-json\/wp\/v2\/media?parent=115870"}],"wp:term":[{"taxonomy":"category","embeddable":true,"href":"https:\/\/www.redenoticia.com.br\/noticia\/wp-json\/wp\/v2\/categories?post=115870"},{"taxonomy":"post_tag","embeddable":true,"href":"https:\/\/www.redenoticia.com.br\/noticia\/wp-json\/wp\/v2\/tags?post=115870"}],"curies":[{"name":"wp","href":"https:\/\/api.w.org\/{rel}","templated":true}]}}