{"id":115867,"date":"2017-06-27T00:09:33","date_gmt":"2017-06-27T03:09:33","guid":{"rendered":"https:\/\/www.redenoticia.com.br\/noticia\/?p=115867"},"modified":"2017-06-26T15:54:19","modified_gmt":"2017-06-26T18:54:19","slug":"intencao-de-consumo-das-familias-cai-07-entre-maio-e-junho","status":"publish","type":"post","link":"https:\/\/www.redenoticia.com.br\/noticia\/2017\/intencao-de-consumo-das-familias-cai-07-entre-maio-e-junho\/115867","title":{"rendered":"Inten\u00e7\u00e3o de Consumo das Fam\u00edlias cai 0,7% entre maio e junho"},"content":{"rendered":"<p> A <strong><em>Inten\u00e7\u00e3o de Consumo das Fam\u00edlias<\/em><\/strong>, medida pela Confedera\u00e7\u00e3o Nacional do Com\u00e9rcio de Bens, Servi\u00e7os e Turismo (CNC), caiu 0,7% na passagem de maio para junho deste ano, chegando a 77,1 pontos. Apesar disso, o indicador teve aumento de 12,3% na compara\u00e7\u00e3o com junho de 2016.<\/p>\n<p>O indicador \u00e9 calculado com base em uma escala de zero a 200 pontos, em que a pontua\u00e7\u00e3o abaixo de 100 mostra que o consumidor est\u00e1 insatisfeito.<\/p>\n<p>Na compara\u00e7\u00e3o com maio, quatro dos sete componentes da Inten\u00e7\u00e3o de Consumo tiveram queda: a avalia\u00e7\u00e3o das pessoas em rela\u00e7\u00e3o ao seu emprego atual (-1,2%), \u00e0 perspectiva profissional (-2,3%), \u00e0 renda atual (-1,7%) e \u00e0s compras a prazo (-0,9%).<\/p>\n<p>Por outro lado, tiveram aumento as avalia\u00e7\u00f5es dos consumidores em rela\u00e7\u00e3o ao seu n\u00edvel de consumo atual (2,8%), a perspectiva de consumo (0,6%) e ao momento para a compra de bens dur\u00e1veis (0,2%).<\/p>\n<p>Em rela\u00e7\u00e3o a junho do ano passado, houve crescimento nos sete componentes: emprego atual (7,9%), perspectiva profissional (3,9%), renda atual (6,5%), compra a prazo (8,7%), consumo atual (23,2%), perspectiva de consumo (30,8%) e momento para dur\u00e1veis (23,2%).<\/p>\n<p>\u201cA gente acredita que o fundo do po\u00e7o j\u00e1 passou, mas as fam\u00edlias est\u00e3o muito cautelosas, muito moderadas. Elas mant\u00eam um consumo baixo e sua confian\u00e7a, por mais que esteja melhor, em rela\u00e7\u00e3o ao mesmo per\u00edodo do ano passado, ela continua abaixo dos 100 pontos\u201d, disse o economista da CNC Bruno Fernandes.<\/p>\n<p>Vitor Abdala &#8211; Rep\u00f3rter da Ag\u00eancia Brasil<br \/>\nEdi\u00e7\u00e3o: Val\u00e9ria Aguiar<br \/>\n27\/06\/2017<\/p>\n","protected":false},"excerpt":{"rendered":"<p>A Inten\u00e7\u00e3o de Consumo das Fam\u00edlias, medida pela Confedera\u00e7\u00e3o Nacional do Com\u00e9rcio de Bens, Servi\u00e7os e Turismo (CNC), caiu 0,7% na passagem de maio para junho deste ano, chegando a 77,1 pontos. Apesar disso, o indicador teve aumento de 12,3% na compara\u00e7\u00e3o com junho de 2016. O indicador \u00e9 calculado com base em uma escala [&hellip;]<\/p>\n","protected":false},"author":2,"featured_media":57585,"comment_status":"open","ping_status":"closed","sticky":false,"template":"","format":"standard","meta":{"_genesis_hide_title":false,"_genesis_hide_breadcrumbs":false,"_genesis_hide_singular_image":false,"_genesis_hide_footer_widgets":false,"_genesis_custom_body_class":"","_genesis_custom_post_class":"","_genesis_layout":"","_jetpack_memberships_contains_paid_content":false,"footnotes":""},"categories":[22,7],"tags":[],"class_list":{"0":"post-115867","1":"post","2":"type-post","3":"status-publish","4":"format-standard","5":"has-post-thumbnail","7":"category-brasil","8":"category-economia","9":"entry","10":"gs-1","11":"gs-odd","12":"gs-even","13":"gs-featured-content-entry"},"jetpack_featured_media_url":"https:\/\/www.redenoticia.com.br\/noticia\/imagens\/analise-economia.jpg","jetpack_sharing_enabled":true,"jetpack_likes_enabled":true,"_links":{"self":[{"href":"https:\/\/www.redenoticia.com.br\/noticia\/wp-json\/wp\/v2\/posts\/115867","targetHints":{"allow":["GET"]}}],"collection":[{"href":"https:\/\/www.redenoticia.com.br\/noticia\/wp-json\/wp\/v2\/posts"}],"about":[{"href":"https:\/\/www.redenoticia.com.br\/noticia\/wp-json\/wp\/v2\/types\/post"}],"author":[{"embeddable":true,"href":"https:\/\/www.redenoticia.com.br\/noticia\/wp-json\/wp\/v2\/users\/2"}],"replies":[{"embeddable":true,"href":"https:\/\/www.redenoticia.com.br\/noticia\/wp-json\/wp\/v2\/comments?post=115867"}],"version-history":[{"count":0,"href":"https:\/\/www.redenoticia.com.br\/noticia\/wp-json\/wp\/v2\/posts\/115867\/revisions"}],"wp:featuredmedia":[{"embeddable":true,"href":"https:\/\/www.redenoticia.com.br\/noticia\/wp-json\/wp\/v2\/media\/57585"}],"wp:attachment":[{"href":"https:\/\/www.redenoticia.com.br\/noticia\/wp-json\/wp\/v2\/media?parent=115867"}],"wp:term":[{"taxonomy":"category","embeddable":true,"href":"https:\/\/www.redenoticia.com.br\/noticia\/wp-json\/wp\/v2\/categories?post=115867"},{"taxonomy":"post_tag","embeddable":true,"href":"https:\/\/www.redenoticia.com.br\/noticia\/wp-json\/wp\/v2\/tags?post=115867"}],"curies":[{"name":"wp","href":"https:\/\/api.w.org\/{rel}","templated":true}]}}