{"id":115866,"date":"2017-06-27T00:08:28","date_gmt":"2017-06-27T03:08:28","guid":{"rendered":"https:\/\/www.redenoticia.com.br\/noticia\/?p=115866"},"modified":"2017-06-26T15:53:32","modified_gmt":"2017-06-26T18:53:32","slug":"divida-publica-sobe-026-em-maio-para-r-325-trilhoes","status":"publish","type":"post","link":"https:\/\/www.redenoticia.com.br\/noticia\/2017\/divida-publica-sobe-026-em-maio-para-r-325-trilhoes\/115866","title":{"rendered":"D\u00edvida p\u00fablica sobe 0,26% em maio para R$ 3,25 trilh\u00f5es"},"content":{"rendered":"<p> A <strong><em>D\u00edvida P\u00fablica Federal<\/em><\/strong> \u2013 que inclui o endividamento interno e externo do Brasil \u2013 aumentou em maio. O estoque da d\u00edvida subiu 0,26%, passando de R$ 3,244 trilh\u00f5es, em abril, para R$ 3,253 trilh\u00f5es, em maio, informou a Secretaria do Tesouro Nacional do Minist\u00e9rio da Fazenda.<\/p>\n<p>A D\u00edvida P\u00fablica Mobili\u00e1ria Federal interna (DPMFi), que \u00e9 a parte da d\u00edvida p\u00fablica que pode ser paga em reais, teve seu estoque ampliado em 0,22%, ao passar de R$ 3,123 trilh\u00f5es para R$ 3,130 trilh\u00f5es, devido aos gastos com juros, no valor de R$ 25,67 bilh\u00f5es, compensados pelo resgate l\u00edquido, no valor de R$ 18,74 bilh\u00f5es.<\/p>\n<p>Com rela\u00e7\u00e3o ao estoque da D\u00edvida P\u00fablica Federal Externa, captada do mercado internacional, houve aumento de 1,31% sobre o saldo apurado em abril, encerrando maio em R$ 122,87 bilh\u00f5es (US$ 37,88 bilh\u00f5es). &#8220;A varia\u00e7\u00e3o ocorreu principalmente devido \u00e0 desvaloriza\u00e7\u00e3o do real frente \u00e0s principais moedas que comp\u00f5em o estoque da d\u00edvida externa&#8221;, diz relat\u00f3rio do Tesouro.<\/p>\n<p>A varia\u00e7\u00e3o do endividamento do Tesouro pode ocorrer por meio da oferta de t\u00edtulos p\u00fablicos em leil\u00f5es pela internet (Tesouro Direto) ou pela emiss\u00e3o direta. A varia\u00e7\u00e3o pode ocorrer tamb\u00e9m pela assinatura de contratos de empr\u00e9stimo. Neste caso, o Tesouro toma empr\u00e9stimo de uma institui\u00e7\u00e3o ou de um banco de fomento, destinado a financiar o desenvolvimento de uma determinada regi\u00e3o. J\u00e1 a redu\u00e7\u00e3o do endividamento se d\u00e1, por exemplo, pelo resgate de t\u00edtulos.<\/p>\n<p>De acordo com o Plano Anual de Financiamento (PAF), a d\u00edvida p\u00fablica poder\u00e1 fechar este ano entre R$ 3,45 trilh\u00f5es e R$ 3,65 trilh\u00f5es.<\/p>\n<p>Kelly Oliveira \u2013 Rep\u00f3rter da Ag\u00eancia Brasil<br \/>\nEdi\u00e7\u00e3o: Maria Claudia<br \/>\n27\/06\/2017<\/p>\n","protected":false},"excerpt":{"rendered":"<p>A D\u00edvida P\u00fablica Federal \u2013 que inclui o endividamento interno e externo do Brasil \u2013 aumentou em maio. O estoque da d\u00edvida subiu 0,26%, passando de R$ 3,244 trilh\u00f5es, em abril, para R$ 3,253 trilh\u00f5es, em maio, informou a Secretaria do Tesouro Nacional do Minist\u00e9rio da Fazenda. A D\u00edvida P\u00fablica Mobili\u00e1ria Federal interna (DPMFi), que [&hellip;]<\/p>\n","protected":false},"author":2,"featured_media":38938,"comment_status":"open","ping_status":"closed","sticky":false,"template":"","format":"standard","meta":{"_genesis_hide_title":false,"_genesis_hide_breadcrumbs":false,"_genesis_hide_singular_image":false,"_genesis_hide_footer_widgets":false,"_genesis_custom_body_class":"","_genesis_custom_post_class":"","_genesis_layout":"","_jetpack_memberships_contains_paid_content":false,"footnotes":""},"categories":[22,7],"tags":[],"class_list":{"0":"post-115866","1":"post","2":"type-post","3":"status-publish","4":"format-standard","5":"has-post-thumbnail","7":"category-brasil","8":"category-economia","9":"entry","10":"gs-1","11":"gs-odd","12":"gs-even","13":"gs-featured-content-entry"},"jetpack_featured_media_url":"https:\/\/www.redenoticia.com.br\/noticia\/imagens\/economia1.jpg","jetpack_sharing_enabled":true,"jetpack_likes_enabled":true,"_links":{"self":[{"href":"https:\/\/www.redenoticia.com.br\/noticia\/wp-json\/wp\/v2\/posts\/115866","targetHints":{"allow":["GET"]}}],"collection":[{"href":"https:\/\/www.redenoticia.com.br\/noticia\/wp-json\/wp\/v2\/posts"}],"about":[{"href":"https:\/\/www.redenoticia.com.br\/noticia\/wp-json\/wp\/v2\/types\/post"}],"author":[{"embeddable":true,"href":"https:\/\/www.redenoticia.com.br\/noticia\/wp-json\/wp\/v2\/users\/2"}],"replies":[{"embeddable":true,"href":"https:\/\/www.redenoticia.com.br\/noticia\/wp-json\/wp\/v2\/comments?post=115866"}],"version-history":[{"count":0,"href":"https:\/\/www.redenoticia.com.br\/noticia\/wp-json\/wp\/v2\/posts\/115866\/revisions"}],"wp:featuredmedia":[{"embeddable":true,"href":"https:\/\/www.redenoticia.com.br\/noticia\/wp-json\/wp\/v2\/media\/38938"}],"wp:attachment":[{"href":"https:\/\/www.redenoticia.com.br\/noticia\/wp-json\/wp\/v2\/media?parent=115866"}],"wp:term":[{"taxonomy":"category","embeddable":true,"href":"https:\/\/www.redenoticia.com.br\/noticia\/wp-json\/wp\/v2\/categories?post=115866"},{"taxonomy":"post_tag","embeddable":true,"href":"https:\/\/www.redenoticia.com.br\/noticia\/wp-json\/wp\/v2\/tags?post=115866"}],"curies":[{"name":"wp","href":"https:\/\/api.w.org\/{rel}","templated":true}]}}