{"id":115864,"date":"2017-06-27T00:07:21","date_gmt":"2017-06-27T03:07:21","guid":{"rendered":"https:\/\/www.redenoticia.com.br\/noticia\/?p=115864"},"modified":"2017-06-26T15:52:27","modified_gmt":"2017-06-26T18:52:27","slug":"parque-estadual-serra-do-mar-tera-programacao-especial-em-julho","status":"publish","type":"post","link":"https:\/\/www.redenoticia.com.br\/noticia\/2017\/parque-estadual-serra-do-mar-tera-programacao-especial-em-julho\/115864","title":{"rendered":"Parque Estadual Serra do Mar ter\u00e1 programa\u00e7\u00e3o especial em julho"},"content":{"rendered":"<p> Para animar o m\u00eas de f\u00e9rias, o N\u00facleo Padre D\u00f3ria do <strong><em>Parque Estadual Serra do Mar<\/em><\/strong> contar\u00e1 com uma programa\u00e7\u00e3o especial do dia 1 ao 23 de julho. Com o tema \u201cConhecendo para preservar\u201d, o objetivo do evento \u00e9 o de promover a integra\u00e7\u00e3o das pessoas com a natureza e a conscientiza\u00e7\u00e3o ambiental dos participantes. Durante o per\u00edodo, ser\u00e3o realizadas trilhas monitoradas diversas, atividades para a crian\u00e7ada do entorno e observa\u00e7\u00e3o de aves.<\/p>\n<p>Esta \u00e9 a quinta edi\u00e7\u00e3o do evento. A programa\u00e7\u00e3o \u00e9 aberta ao p\u00fablico e gratuita. Os interessados devem se inscrever com anteced\u00eancia m\u00ednima de tr\u00eas dias da atividade na qual deseja participar. As sa\u00eddas ocorrer\u00e3o a partir da Sede Administrativa em Sales\u00f3polis. O Transporte da Sede at\u00e9 as trilhas \u00e9 de responsabilidade do visitante.<\/p>\n<p>Confira a programa\u00e7\u00e3o completa:<br \/>\n01 e 02\/07, \u00e0s 7h \u2013 Trilha do Po\u00e7o Bonito<br \/>\n07, 08 e 09\/07, \u00e0s 7h \u2013 Trilha do Balc\u00e3o<br \/>\n14\/07, \u00e0s 8h \u2013 Trilha do Funil<br \/>\n15\/07, \u00e0s 8h \u2013 Trilha do Guardi\u00e3o<br \/>\n16\/07, das 13h \u00e0s 16h \u2013 Ecobrinquedoteca com crian\u00e7as do Bairro dos Pintos<br \/>\n21 e 22\/07, \u00e0s 7h \u2013 Estrada do Rio Pardo e Trilha do Rio Pardo (necess\u00e1rio carro 4\u00d74)<br \/>\n23\/07, \u00e0s 6h \u2013 Observa\u00e7\u00e3o de Aves na Trilha Vale do Rio Claro<\/p>\n<p> SERVI\u00c7O<br \/>\nPrograma\u00e7\u00e3o Especial de F\u00e9rias<br \/>\nN\u00facleo Padre D\u00f3ria do Parque Estadual Serra do Mar (Rua Alferes Jos\u00e9 Luiz de Carvalho, 550, Centro, Sales\u00f3polis, S\u00e3o Paulo)<br \/>\n(11) 4696-0981<br \/>\npesm.padredoria@fflorestal.sp.gov.br<\/p>\n<p>Do Portal do Governo SP<\/p>\n","protected":false},"excerpt":{"rendered":"<p>Para animar o m\u00eas de f\u00e9rias, o N\u00facleo Padre D\u00f3ria do Parque Estadual Serra do Mar contar\u00e1 com uma programa\u00e7\u00e3o especial do dia 1 ao 23 de julho. Com o tema \u201cConhecendo para preservar\u201d, o objetivo do evento \u00e9 o de promover a integra\u00e7\u00e3o das pessoas com a natureza e a conscientiza\u00e7\u00e3o ambiental dos participantes. [&hellip;]<\/p>\n","protected":false},"author":2,"featured_media":34905,"comment_status":"open","ping_status":"closed","sticky":false,"template":"","format":"standard","meta":{"_genesis_hide_title":false,"_genesis_hide_breadcrumbs":false,"_genesis_hide_singular_image":false,"_genesis_hide_footer_widgets":false,"_genesis_custom_body_class":"","_genesis_custom_post_class":"","_genesis_layout":"","_jetpack_memberships_contains_paid_content":false,"footnotes":""},"categories":[22],"tags":[],"class_list":{"0":"post-115864","1":"post","2":"type-post","3":"status-publish","4":"format-standard","5":"has-post-thumbnail","7":"category-brasil","8":"entry","9":"gs-1","10":"gs-odd","11":"gs-even","12":"gs-featured-content-entry"},"jetpack_featured_media_url":"https:\/\/www.redenoticia.com.br\/noticia\/imagens\/codigo-florestal.jpg","jetpack_sharing_enabled":true,"jetpack_likes_enabled":true,"_links":{"self":[{"href":"https:\/\/www.redenoticia.com.br\/noticia\/wp-json\/wp\/v2\/posts\/115864","targetHints":{"allow":["GET"]}}],"collection":[{"href":"https:\/\/www.redenoticia.com.br\/noticia\/wp-json\/wp\/v2\/posts"}],"about":[{"href":"https:\/\/www.redenoticia.com.br\/noticia\/wp-json\/wp\/v2\/types\/post"}],"author":[{"embeddable":true,"href":"https:\/\/www.redenoticia.com.br\/noticia\/wp-json\/wp\/v2\/users\/2"}],"replies":[{"embeddable":true,"href":"https:\/\/www.redenoticia.com.br\/noticia\/wp-json\/wp\/v2\/comments?post=115864"}],"version-history":[{"count":0,"href":"https:\/\/www.redenoticia.com.br\/noticia\/wp-json\/wp\/v2\/posts\/115864\/revisions"}],"wp:featuredmedia":[{"embeddable":true,"href":"https:\/\/www.redenoticia.com.br\/noticia\/wp-json\/wp\/v2\/media\/34905"}],"wp:attachment":[{"href":"https:\/\/www.redenoticia.com.br\/noticia\/wp-json\/wp\/v2\/media?parent=115864"}],"wp:term":[{"taxonomy":"category","embeddable":true,"href":"https:\/\/www.redenoticia.com.br\/noticia\/wp-json\/wp\/v2\/categories?post=115864"},{"taxonomy":"post_tag","embeddable":true,"href":"https:\/\/www.redenoticia.com.br\/noticia\/wp-json\/wp\/v2\/tags?post=115864"}],"curies":[{"name":"wp","href":"https:\/\/api.w.org\/{rel}","templated":true}]}}