{"id":115831,"date":"2017-06-26T00:11:32","date_gmt":"2017-06-26T03:11:32","guid":{"rendered":"https:\/\/www.redenoticia.com.br\/noticia\/?p=115831"},"modified":"2017-06-25T16:47:23","modified_gmt":"2017-06-25T19:47:23","slug":"investimento-publico-federal-em-transportes-cai-61-em-seis-anos-mostra-epl","status":"publish","type":"post","link":"https:\/\/www.redenoticia.com.br\/noticia\/2017\/investimento-publico-federal-em-transportes-cai-61-em-seis-anos-mostra-epl\/115831","title":{"rendered":"Investimento p\u00fablico federal em transportes cai 6,1% em seis anos, mostra EPL"},"content":{"rendered":"<p> O investimento p\u00fablico federal em <strong><em>transportes<\/em><\/strong> caiu de R$ 19,7 bilh\u00f5es em 2010 para R$ 18,5 bilh\u00f5es em 2016, um recuo de 6,1% em seis anos. Quando levado em conta o investimento total, com p\u00fablico somado ao privado, o montante aplicado aumentou 26,5% entre 2010 e 2016.<\/p>\n<p>O investimento privado feito em concess\u00f5es foi o que mais cresceu no per\u00edodo, passando de R$ 4,2 bilh\u00f5es em 2010 para R$ 9,8 bilh\u00f5es no ano passado, ou seja, uma eleva\u00e7\u00e3o de 133,3%.<\/p>\n<p>As informa\u00e7\u00f5es est\u00e3o no Anu\u00e1rio Estat\u00edstico dos Transportes, documento da Empresa de Planejamento e Log\u00edstica (EPL) e do Minist\u00e9rio dos Transportes, Portos e Avia\u00e7\u00e3o Civil com informa\u00e7\u00f5es sobre os sistemas e a infraestrutura de transportes em geral no Brasil. O objetivo do anu\u00e1rio \u00e9 ajudar na formula\u00e7\u00e3o de pol\u00edticas p\u00fablicas e na tomada de decis\u00f5es sobre o setor.<\/p>\n<p>O diretor-presidente da EPL, Jos\u00e9 Carlos Medaglia Filho, ressalta que a partir de 2010 a soma do investimento p\u00fablico e privado no setor de transportes parou de crescer e se estabilizou. A partir de 2015, houve redu\u00e7\u00e3o. O principal fator para a queda, segundo ele, foi a redu\u00e7\u00e3o do investimento p\u00fablico.<\/p>\n<p> \u201cA queda no investimento total no ano de 2015 s\u00f3 n\u00e3o foi maior porque houve aumento do investimento privado no mesmo per\u00edodo, ganhando relev\u00e2ncia para a sustenta\u00e7\u00e3o dos investimentos em infraestrutura de transportes\u201d, analisou Medaglia.<\/p>\n<p>Atra\u00e7\u00e3o de investimentos<\/p>\n<p>Em 2016, segundo diretor-presidente da EPL, o investimento p\u00fablico mostrou pequena recupera\u00e7\u00e3o \u2013 crescendo 0,61% na compara\u00e7\u00e3o com 2015 \u2013 e o privado, por sua vez, teve queda de 19,3%, em uma revers\u00e3o de tend\u00eancia em rela\u00e7\u00e3o ao ano anterior. O motivo do recuo do investimento privado, de acordo com Medaglia, foi a incerteza quanto ao retorno financeiro dos investimentos somada \u00e0 recess\u00e3o.<\/p>\n<p>\u201cOs interesses do setor privado, aliados ao delicado momento porque passa a conjuntura econ\u00f4mica nacional foram, no ano de 2016, os grandes inibidores do investimento no setor\u201d, afirmou. Segundo ele, o governo est\u00e1 trabalhando para o tornar o investimento mais atrativo para os empres\u00e1rios.<\/p>\n<p>\u201cPara 2017, o cen\u00e1rio se configura de forma mais otimista. O Poder P\u00fablico est\u00e1 empenhado em dar mais celeridade aos projetos de infraestrutura. O Programa de Parcerias de Investimentos [PPI] traz profundas mudan\u00e7as na pol\u00edtica do governo para investimento, sinalizando um movimento [em dire\u00e7\u00e3o] \u00e0 privatiza\u00e7\u00e3o da infraestrutura log\u00edstica do pa\u00eds\u201d, afirmou.<\/p>\n<p>Segundo Medaglia, em 2017 j\u00e1 foram licitados sete empreendimentos: quatro aeroportos (Fortaleza, Salvador, Porto Alegre e Florian\u00f3polis) e tr\u00eas terminais portu\u00e1rios (terminal de trigo no Rio de Janeiro e dois terminais de combust\u00edveis em Santar\u00e9m, no Par\u00e1).<\/p>\n<p>Medaglia destacou tamb\u00e9m que o governo federal publicou neste m\u00eas a lei que trata das diretrizes gerais para prorroga\u00e7\u00e3o e relicita\u00e7\u00e3o dos contratos de parceria de rodovias, ferrovias e portos. A legisla\u00e7\u00e3o \u00e9 origin\u00e1ria da Medida Provis\u00f3ria (MP) 752, editada em novembro de 2016.<\/p>\n<p>Mariana Branco &#8211; Rep\u00f3rter da Ag\u00eancia Brasil<br \/>\nEdi\u00e7\u00e3o: Luana Louren\u00e7o<br \/>\n26\/06\/2017<\/p>\n","protected":false},"excerpt":{"rendered":"<p>O investimento p\u00fablico federal em transportes caiu de R$ 19,7 bilh\u00f5es em 2010 para R$ 18,5 bilh\u00f5es em 2016, um recuo de 6,1% em seis anos. Quando levado em conta o investimento total, com p\u00fablico somado ao privado, o montante aplicado aumentou 26,5% entre 2010 e 2016. O investimento privado feito em concess\u00f5es foi o [&hellip;]<\/p>\n","protected":false},"author":2,"featured_media":57583,"comment_status":"open","ping_status":"closed","sticky":false,"template":"","format":"standard","meta":{"_genesis_hide_title":false,"_genesis_hide_breadcrumbs":false,"_genesis_hide_singular_image":false,"_genesis_hide_footer_widgets":false,"_genesis_custom_body_class":"","_genesis_custom_post_class":"","_genesis_layout":"","_jetpack_memberships_contains_paid_content":false,"footnotes":""},"categories":[22,7],"tags":[],"class_list":{"0":"post-115831","1":"post","2":"type-post","3":"status-publish","4":"format-standard","5":"has-post-thumbnail","7":"category-brasil","8":"category-economia","9":"entry","10":"gs-1","11":"gs-odd","12":"gs-even","13":"gs-featured-content-entry"},"jetpack_featured_media_url":"https:\/\/www.redenoticia.com.br\/noticia\/imagens\/economia-grafico.jpg","jetpack_sharing_enabled":true,"jetpack_likes_enabled":true,"_links":{"self":[{"href":"https:\/\/www.redenoticia.com.br\/noticia\/wp-json\/wp\/v2\/posts\/115831","targetHints":{"allow":["GET"]}}],"collection":[{"href":"https:\/\/www.redenoticia.com.br\/noticia\/wp-json\/wp\/v2\/posts"}],"about":[{"href":"https:\/\/www.redenoticia.com.br\/noticia\/wp-json\/wp\/v2\/types\/post"}],"author":[{"embeddable":true,"href":"https:\/\/www.redenoticia.com.br\/noticia\/wp-json\/wp\/v2\/users\/2"}],"replies":[{"embeddable":true,"href":"https:\/\/www.redenoticia.com.br\/noticia\/wp-json\/wp\/v2\/comments?post=115831"}],"version-history":[{"count":0,"href":"https:\/\/www.redenoticia.com.br\/noticia\/wp-json\/wp\/v2\/posts\/115831\/revisions"}],"wp:featuredmedia":[{"embeddable":true,"href":"https:\/\/www.redenoticia.com.br\/noticia\/wp-json\/wp\/v2\/media\/57583"}],"wp:attachment":[{"href":"https:\/\/www.redenoticia.com.br\/noticia\/wp-json\/wp\/v2\/media?parent=115831"}],"wp:term":[{"taxonomy":"category","embeddable":true,"href":"https:\/\/www.redenoticia.com.br\/noticia\/wp-json\/wp\/v2\/categories?post=115831"},{"taxonomy":"post_tag","embeddable":true,"href":"https:\/\/www.redenoticia.com.br\/noticia\/wp-json\/wp\/v2\/tags?post=115831"}],"curies":[{"name":"wp","href":"https:\/\/api.w.org\/{rel}","templated":true}]}}