{"id":115705,"date":"2017-06-23T00:11:13","date_gmt":"2017-06-23T03:11:13","guid":{"rendered":"https:\/\/www.redenoticia.com.br\/noticia\/?p=115705"},"modified":"2017-06-22T15:02:04","modified_gmt":"2017-06-22T18:02:04","slug":"demanda-por-credito-das-empresas-cai-54-em-maio","status":"publish","type":"post","link":"https:\/\/www.redenoticia.com.br\/noticia\/2017\/demanda-por-credito-das-empresas-cai-54-em-maio\/115705","title":{"rendered":"Demanda por cr\u00e9dito das empresas cai 5,4% em maio"},"content":{"rendered":"<p> A <strong><em>demanda por cr\u00e9dito<\/em><\/strong> pelas empresas apresentou queda de 5,4% em maio deste ano na compara\u00e7\u00e3o com o mesmo m\u00eas do ano passado. Em rela\u00e7\u00e3o a abril, a demanda por cr\u00e9dito subiu 2,3%. No acumulado do ano, a demanda das empresas por cr\u00e9dito teve queda de 3,2% em rela\u00e7\u00e3o mesmo per\u00edodo do ano passado, segundo o Indicador Serasa Experian de Demanda das Empresas por Cr\u00e9dito.<\/p>\n<p>De acordo com os economistas da Serasa Experian, a procura por cr\u00e9dito por parte das empresas ainda segue bastante deprimida, apesar de a economia demonstrar alguns sinais de sa\u00edda da recess\u00e3o. O agravamento da crise pol\u00edtica a partir da segunda quinzena de maio pode ter tamb\u00e9m impactado negativamente o apetite por cr\u00e9dito por parte das empresas.<\/p>\n<p>A an\u00e1lise por porte das empresas mostrou que entre as micro e pequenas a queda em maio foi de 5,2%, comparada a maio do ano passado. J\u00e1 a demanda por cr\u00e9dito das m\u00e9dias empresas caiu 8,6% e, das grandes empresas, 8,7%. No acumulado de janeiro a maio deste ano, a demanda por cr\u00e9dito das micro e pequenas empresas recuou 2,9% em rela\u00e7\u00e3o aos primeiros cinco meses do ano passado. Nas m\u00e9dias empresas esta queda foi de 9,3% e, nas grandes empresas, o recuo em rela\u00e7\u00e3o aos primeiros cinco meses do ano passado foi de 9,0%.<\/p>\n<p>A maior queda de procura empresarial por cr\u00e9dito em maio de 2017 ante maio de 2016 foi de 9,5% nas empresas do setor industrial. Nas empresas comerciais, o recuo foi de 9,1%, e nas empresas de servi\u00e7os a queda foi de 0,6%. Nos primeiros cinco meses deste ano, a demanda das empresas por cr\u00e9dito caiu 6,3% na ind\u00fastria, 5,3% no com\u00e9rcio e 0,3% nas empresas de servi\u00e7os em rela\u00e7\u00e3o ao acumulado de janeiro a maio do ano passado.<\/p>\n<p>No acumulado dos primeiros cinco meses deste ano, todas as regi\u00f5es tiveram recuos na demanda das empresas por cr\u00e9dito em compara\u00e7\u00e3o ao per\u00edodo de janeiro a maio do ano passado: Centro-Oeste (-4,1%); Norte (-4,1%), Sul (-4,3%), Nordeste (-5,6%), Sudeste (-1,4%).<\/p>\n<p>Fl\u00e1via Albuquerque &#8211; Rep\u00f3rter da Ag\u00eancia Brasil<br \/>\nEdi\u00e7\u00e3o: Fernando Fraga<br \/>\n23\/06\/2017<\/p>\n","protected":false},"excerpt":{"rendered":"<p>A demanda por cr\u00e9dito pelas empresas apresentou queda de 5,4% em maio deste ano na compara\u00e7\u00e3o com o mesmo m\u00eas do ano passado. Em rela\u00e7\u00e3o a abril, a demanda por cr\u00e9dito subiu 2,3%. No acumulado do ano, a demanda das empresas por cr\u00e9dito teve queda de 3,2% em rela\u00e7\u00e3o mesmo per\u00edodo do ano passado, segundo [&hellip;]<\/p>\n","protected":false},"author":2,"featured_media":57583,"comment_status":"open","ping_status":"closed","sticky":false,"template":"","format":"standard","meta":{"_genesis_hide_title":false,"_genesis_hide_breadcrumbs":false,"_genesis_hide_singular_image":false,"_genesis_hide_footer_widgets":false,"_genesis_custom_body_class":"","_genesis_custom_post_class":"","_genesis_layout":"","_jetpack_memberships_contains_paid_content":false,"footnotes":""},"categories":[22,7],"tags":[],"class_list":{"0":"post-115705","1":"post","2":"type-post","3":"status-publish","4":"format-standard","5":"has-post-thumbnail","7":"category-brasil","8":"category-economia","9":"entry","10":"gs-1","11":"gs-odd","12":"gs-even","13":"gs-featured-content-entry"},"jetpack_featured_media_url":"https:\/\/www.redenoticia.com.br\/noticia\/imagens\/economia-grafico.jpg","jetpack_sharing_enabled":true,"jetpack_likes_enabled":true,"_links":{"self":[{"href":"https:\/\/www.redenoticia.com.br\/noticia\/wp-json\/wp\/v2\/posts\/115705","targetHints":{"allow":["GET"]}}],"collection":[{"href":"https:\/\/www.redenoticia.com.br\/noticia\/wp-json\/wp\/v2\/posts"}],"about":[{"href":"https:\/\/www.redenoticia.com.br\/noticia\/wp-json\/wp\/v2\/types\/post"}],"author":[{"embeddable":true,"href":"https:\/\/www.redenoticia.com.br\/noticia\/wp-json\/wp\/v2\/users\/2"}],"replies":[{"embeddable":true,"href":"https:\/\/www.redenoticia.com.br\/noticia\/wp-json\/wp\/v2\/comments?post=115705"}],"version-history":[{"count":0,"href":"https:\/\/www.redenoticia.com.br\/noticia\/wp-json\/wp\/v2\/posts\/115705\/revisions"}],"wp:featuredmedia":[{"embeddable":true,"href":"https:\/\/www.redenoticia.com.br\/noticia\/wp-json\/wp\/v2\/media\/57583"}],"wp:attachment":[{"href":"https:\/\/www.redenoticia.com.br\/noticia\/wp-json\/wp\/v2\/media?parent=115705"}],"wp:term":[{"taxonomy":"category","embeddable":true,"href":"https:\/\/www.redenoticia.com.br\/noticia\/wp-json\/wp\/v2\/categories?post=115705"},{"taxonomy":"post_tag","embeddable":true,"href":"https:\/\/www.redenoticia.com.br\/noticia\/wp-json\/wp\/v2\/tags?post=115705"}],"curies":[{"name":"wp","href":"https:\/\/api.w.org\/{rel}","templated":true}]}}