{"id":115623,"date":"2017-06-22T00:11:04","date_gmt":"2017-06-22T03:11:04","guid":{"rendered":"https:\/\/www.redenoticia.com.br\/noticia\/?p=115623"},"modified":"2017-06-21T16:03:15","modified_gmt":"2017-06-21T19:03:15","slug":"procura-por-credito-sobe-72-em-maio-diz-serasa","status":"publish","type":"post","link":"https:\/\/www.redenoticia.com.br\/noticia\/2017\/procura-por-credito-sobe-72-em-maio-diz-serasa\/115623","title":{"rendered":"Procura por cr\u00e9dito sobe 7,2% em maio, diz Serasa"},"content":{"rendered":"<p> A busca por <strong><em>cr\u00e9dito<\/em><\/strong> no pa\u00eds aumentou 7,2%, no \u00faltimo m\u00eas de maio, sobre igual per\u00edodo do ano passado e18,6% em compara\u00e7\u00e3o ao \u00faltimo m\u00eas de abril, segundo o Indicador Serasa Experian da Demanda do Consumidor por Cr\u00e9dito. No acumulado dos cinco primeiros meses do ano, houve eleva\u00e7\u00e3o de 1% comparado ao mesmo per\u00edodo de 2016.<\/p>\n<p>Na avalia\u00e7\u00e3o dos economistas da Serasa Experian, o crescimento se deve \u00e0 queda da infla\u00e7\u00e3o e da taxas de juros. Para eles, os recuos \u201cest\u00e3o, aos poucos, devolvendo o est\u00edmulo ao consumidor a retornar, ainda que muito, gradualmente, ao mercado de cr\u00e9dito\u201d.<\/p>\n<p>A maior alta na demanda por cr\u00e9dito em maio, sobre o mesmo m\u00eas do ano passado, ocorreu na faixa de renda dos consumidores que ganham at\u00e9 R$ 500 (9,3%). Entre R$ 500 e R$ 1 mil por m\u00eas houve aumento de 8,2%; entre R$ 1 mil e R$ 2 mil (6,4%); entre R$ 2 mil e R$ 5 mil (5,7%) ; entre R$ 5 mil e R$ 10 mil (5,2%) e acima de R$ 10 mil (5,8%).<\/p>\n<p>Houve crescimento em todas as regi\u00f5es do pa\u00eds com destaque para o Norte (12,3%). A segunda maior alta foi constatada no Nordeste (8,6%), seguida pelo Sul (8,1%); Sudeste (6,7%) e Centro-Oeste (2,2%).<\/p>\n<p>Francisca Sousa<br \/>\nEstagi\u00e1ria sob a supervis\u00e3o da editora Maria Claudia &#8211; Ag\u00eancia Brasil<br \/>\nEdi\u00e7\u00e3o: Maria Claudia<br \/>\n22\/06\/2017<br \/>\n&#8212;<br \/>\nCriada em 2007 para fortalecer o sistema p\u00fablico de comunica\u00e7\u00e3o, a EBC \u00e9 gestora da TV Brasil, TV Brasil Internacional, Ag\u00eancia Brasil, Radioag\u00eancia Nacional e do sistema p\u00fablico de R\u00e1dio, composto por oito emissoras: R\u00e1dio Nacional AM do Rio de Janeiro (1.130 KHz), R\u00e1dio Nacional AM de Bras\u00edlia (980 KHz), Nacional FM de Bras\u00edlia (96,1 MHz), R\u00e1dio MEC AM do Rio de Janeiro (800 KHz), MEC FM do Rio de Janeiro (99,3 MHz), R\u00e1dio Nacional da Amaz\u00f4nia OC (11.780 KHz e 6.180 KHz), R\u00e1dio Nacional AM do Alto Solim\u00f5es (670 KHz) e R\u00e1dio Nacional FM do Alto Solim\u00f5es (96.1 MHz). Por sua independ\u00eancia editorial, os ve\u00edculos p\u00fablicos distinguem-se dos canais estatais ou governamentais. A rede de emissoras produz conte\u00fados diferenciados que a singulariza por espelhar de maneira mais fidedigna a complexidade cultural brasileira, ocupando um espa\u00e7o complementar, n\u00e3o preenchido pelos canais privados.<\/p>\n","protected":false},"excerpt":{"rendered":"<p>A busca por cr\u00e9dito no pa\u00eds aumentou 7,2%, no \u00faltimo m\u00eas de maio, sobre igual per\u00edodo do ano passado e18,6% em compara\u00e7\u00e3o ao \u00faltimo m\u00eas de abril, segundo o Indicador Serasa Experian da Demanda do Consumidor por Cr\u00e9dito. No acumulado dos cinco primeiros meses do ano, houve eleva\u00e7\u00e3o de 1% comparado ao mesmo per\u00edodo de [&hellip;]<\/p>\n","protected":false},"author":2,"featured_media":57584,"comment_status":"open","ping_status":"closed","sticky":false,"template":"","format":"standard","meta":{"_genesis_hide_title":false,"_genesis_hide_breadcrumbs":false,"_genesis_hide_singular_image":false,"_genesis_hide_footer_widgets":false,"_genesis_custom_body_class":"","_genesis_custom_post_class":"","_genesis_layout":"","_jetpack_memberships_contains_paid_content":false,"footnotes":""},"categories":[22,7],"tags":[],"class_list":{"0":"post-115623","1":"post","2":"type-post","3":"status-publish","4":"format-standard","5":"has-post-thumbnail","7":"category-brasil","8":"category-economia","9":"entry","10":"gs-1","11":"gs-odd","12":"gs-even","13":"gs-featured-content-entry"},"jetpack_featured_media_url":"https:\/\/www.redenoticia.com.br\/noticia\/imagens\/economia-grafica-analise-inflacao.jpg","jetpack_sharing_enabled":true,"jetpack_likes_enabled":true,"_links":{"self":[{"href":"https:\/\/www.redenoticia.com.br\/noticia\/wp-json\/wp\/v2\/posts\/115623","targetHints":{"allow":["GET"]}}],"collection":[{"href":"https:\/\/www.redenoticia.com.br\/noticia\/wp-json\/wp\/v2\/posts"}],"about":[{"href":"https:\/\/www.redenoticia.com.br\/noticia\/wp-json\/wp\/v2\/types\/post"}],"author":[{"embeddable":true,"href":"https:\/\/www.redenoticia.com.br\/noticia\/wp-json\/wp\/v2\/users\/2"}],"replies":[{"embeddable":true,"href":"https:\/\/www.redenoticia.com.br\/noticia\/wp-json\/wp\/v2\/comments?post=115623"}],"version-history":[{"count":0,"href":"https:\/\/www.redenoticia.com.br\/noticia\/wp-json\/wp\/v2\/posts\/115623\/revisions"}],"wp:featuredmedia":[{"embeddable":true,"href":"https:\/\/www.redenoticia.com.br\/noticia\/wp-json\/wp\/v2\/media\/57584"}],"wp:attachment":[{"href":"https:\/\/www.redenoticia.com.br\/noticia\/wp-json\/wp\/v2\/media?parent=115623"}],"wp:term":[{"taxonomy":"category","embeddable":true,"href":"https:\/\/www.redenoticia.com.br\/noticia\/wp-json\/wp\/v2\/categories?post=115623"},{"taxonomy":"post_tag","embeddable":true,"href":"https:\/\/www.redenoticia.com.br\/noticia\/wp-json\/wp\/v2\/tags?post=115623"}],"curies":[{"name":"wp","href":"https:\/\/api.w.org\/{rel}","templated":true}]}}