{"id":115621,"date":"2017-06-22T00:10:44","date_gmt":"2017-06-22T03:10:44","guid":{"rendered":"https:\/\/www.redenoticia.com.br\/noticia\/?p=115621"},"modified":"2017-06-21T16:02:00","modified_gmt":"2017-06-21T19:02:00","slug":"pib-tem-crescimento-de-087-no-trimestre-encerrado-em-abril","status":"publish","type":"post","link":"https:\/\/www.redenoticia.com.br\/noticia\/2017\/pib-tem-crescimento-de-087-no-trimestre-encerrado-em-abril\/115621","title":{"rendered":"PIB tem crescimento de 0,87% no trimestre encerrado em abril"},"content":{"rendered":"<p> O <strong><em>Produto Interno Bruto<\/em><\/strong> (PIB), a soma de todas as riquezas produzidas no pa\u00eds, cresceu 0,87% no trimestre encerrado em abril, na compara\u00e7\u00e3o com o trimestre finalizado em janeiro, segundo o Monitor do PIB da Funda\u00e7\u00e3o Getulio Vargas (FGV). Os n\u00fameros foram divulgados hoje no Rio de Janeiro. Entretanto, na compara\u00e7\u00e3o com o trimestre fechado em abril de 2016, houve queda de 0,8%.<\/p>\n<p>Na compara\u00e7\u00e3o com o mesmo trimestre do ano anterior, houve quedas no consumo das fam\u00edlias (-1,9%) e na forma\u00e7\u00e3o bruta de capital fixo, isto \u00e9, investimentos (-4,6%). As exporta\u00e7\u00f5es cresceram 1,4% no per\u00edodo. As importa\u00e7\u00f5es tamb\u00e9m tiveram crescimento (4,5%).<\/p>\n<p>Segundo a FGV, o crescimento do PIB, considerando-se apenas o m\u00eas de abril, foi de 0,42% em rela\u00e7\u00e3o a mar\u00e7o. Na compara\u00e7\u00e3o com abril de 2016, no entanto, a economia brasileira teve queda de 1,3%.<\/p>\n<p>Vitor Abdala &#8211; Rep\u00f3rter da Ag\u00eancia Brasil<br \/>\nEdi\u00e7\u00e3o: Kleber Sampaio<br \/>\n22\/06\/2017<br \/>\n&#8212;<br \/>\nCriada em 2007 para fortalecer o sistema p\u00fablico de comunica\u00e7\u00e3o, a EBC \u00e9 gestora da TV Brasil, TV Brasil Internacional, Ag\u00eancia Brasil, Radioag\u00eancia Nacional e do sistema p\u00fablico de R\u00e1dio, composto por oito emissoras: R\u00e1dio Nacional AM do Rio de Janeiro (1.130 KHz), R\u00e1dio Nacional AM de Bras\u00edlia (980 KHz), Nacional FM de Bras\u00edlia (96,1 MHz), R\u00e1dio MEC AM do Rio de Janeiro (800 KHz), MEC FM do Rio de Janeiro (99,3 MHz), R\u00e1dio Nacional da Amaz\u00f4nia OC (11.780 KHz e 6.180 KHz), R\u00e1dio Nacional AM do Alto Solim\u00f5es (670 KHz) e R\u00e1dio Nacional FM do Alto Solim\u00f5es (96.1 MHz). Por sua independ\u00eancia editorial, os ve\u00edculos p\u00fablicos distinguem-se dos canais estatais ou governamentais. A rede de emissoras produz conte\u00fados diferenciados que a singulariza por espelhar de maneira mais fidedigna a complexidade cultural brasileira, ocupando um espa\u00e7o complementar, n\u00e3o preenchido pelos canais privados.<\/p>\n","protected":false},"excerpt":{"rendered":"<p>O Produto Interno Bruto (PIB), a soma de todas as riquezas produzidas no pa\u00eds, cresceu 0,87% no trimestre encerrado em abril, na compara\u00e7\u00e3o com o trimestre finalizado em janeiro, segundo o Monitor do PIB da Funda\u00e7\u00e3o Getulio Vargas (FGV). Os n\u00fameros foram divulgados hoje no Rio de Janeiro. Entretanto, na compara\u00e7\u00e3o com o trimestre fechado [&hellip;]<\/p>\n","protected":false},"author":2,"featured_media":38938,"comment_status":"open","ping_status":"closed","sticky":false,"template":"","format":"standard","meta":{"_genesis_hide_title":false,"_genesis_hide_breadcrumbs":false,"_genesis_hide_singular_image":false,"_genesis_hide_footer_widgets":false,"_genesis_custom_body_class":"","_genesis_custom_post_class":"","_genesis_layout":"","_jetpack_memberships_contains_paid_content":false,"footnotes":""},"categories":[22,7],"tags":[],"class_list":{"0":"post-115621","1":"post","2":"type-post","3":"status-publish","4":"format-standard","5":"has-post-thumbnail","7":"category-brasil","8":"category-economia","9":"entry","10":"gs-1","11":"gs-odd","12":"gs-even","13":"gs-featured-content-entry"},"jetpack_featured_media_url":"https:\/\/www.redenoticia.com.br\/noticia\/imagens\/economia1.jpg","jetpack_sharing_enabled":true,"jetpack_likes_enabled":true,"_links":{"self":[{"href":"https:\/\/www.redenoticia.com.br\/noticia\/wp-json\/wp\/v2\/posts\/115621","targetHints":{"allow":["GET"]}}],"collection":[{"href":"https:\/\/www.redenoticia.com.br\/noticia\/wp-json\/wp\/v2\/posts"}],"about":[{"href":"https:\/\/www.redenoticia.com.br\/noticia\/wp-json\/wp\/v2\/types\/post"}],"author":[{"embeddable":true,"href":"https:\/\/www.redenoticia.com.br\/noticia\/wp-json\/wp\/v2\/users\/2"}],"replies":[{"embeddable":true,"href":"https:\/\/www.redenoticia.com.br\/noticia\/wp-json\/wp\/v2\/comments?post=115621"}],"version-history":[{"count":0,"href":"https:\/\/www.redenoticia.com.br\/noticia\/wp-json\/wp\/v2\/posts\/115621\/revisions"}],"wp:featuredmedia":[{"embeddable":true,"href":"https:\/\/www.redenoticia.com.br\/noticia\/wp-json\/wp\/v2\/media\/38938"}],"wp:attachment":[{"href":"https:\/\/www.redenoticia.com.br\/noticia\/wp-json\/wp\/v2\/media?parent=115621"}],"wp:term":[{"taxonomy":"category","embeddable":true,"href":"https:\/\/www.redenoticia.com.br\/noticia\/wp-json\/wp\/v2\/categories?post=115621"},{"taxonomy":"post_tag","embeddable":true,"href":"https:\/\/www.redenoticia.com.br\/noticia\/wp-json\/wp\/v2\/tags?post=115621"}],"curies":[{"name":"wp","href":"https:\/\/api.w.org\/{rel}","templated":true}]}}