{"id":115537,"date":"2017-06-21T00:11:38","date_gmt":"2017-06-21T03:11:38","guid":{"rendered":"https:\/\/www.redenoticia.com.br\/noticia\/?p=115537"},"modified":"2017-06-20T13:50:23","modified_gmt":"2017-06-20T16:50:23","slug":"arrecadacao-cai-em-maio-e-aumenta-no-acumulado-dos-cinco-primeiros-meses","status":"publish","type":"post","link":"https:\/\/www.redenoticia.com.br\/noticia\/2017\/arrecadacao-cai-em-maio-e-aumenta-no-acumulado-dos-cinco-primeiros-meses\/115537","title":{"rendered":"Arrecada\u00e7\u00e3o cai em maio e aumenta no acumulado dos cinco primeiros meses"},"content":{"rendered":"<p> A <strong><em>arrecada\u00e7\u00e3o de impostos e contribui\u00e7\u00f5es<\/em><\/strong> federais chegou a R$ 97,694 bilh\u00f5es em maio, com queda 0,96% em rela\u00e7\u00e3o ao mesmo per\u00edodo de 2016. No resultado acumulado de janeiro a maio, o total arrecadado (R$ 544,485 bilh\u00f5es) subiu 0,35% em rela\u00e7\u00e3o ao registrado em igual per\u00edodo do ano passado.<\/p>\n<p>Os dados foram divulgados pela Receita Federal. O crescimento \u00e9 real, ou seja, leva em considera\u00e7\u00e3o a infla\u00e7\u00e3o do per\u00edodo, medida pelo \u00cdndice de Pre\u00e7os ao Consumidor Amplo (IPCA).<\/p>\n<p>Consideradas apenas as receitas administradas pela Receita Federal (exclu\u00eddos outros \u00f3rg\u00e3os), o valor arrecadado ficou em R$ 96,074 bilh\u00f5es em maio, com queda real de 0,31% em rela\u00e7\u00e3o a maio de 2016. No acumulado de janeiro a maio, o valor arrecadado chegou a R$ 528,485 bilh\u00f5es, apresentando um decr\u00e9scimo real de 0,82%.<\/p>\n<p>Kelly Oliveira \u2013 Rep\u00f3rter da Ag\u00eancia Brasil<br \/>\nEdi\u00e7\u00e3o: Gra\u00e7a Adjuto<br \/>\n21\/06\/2017<br \/>\n&#8212;<br \/>\nCriada em 2007 para fortalecer o sistema p\u00fablico de comunica\u00e7\u00e3o, a EBC \u00e9 gestora da TV Brasil, TV Brasil Internacional, Ag\u00eancia Brasil, Radioag\u00eancia Nacional e do sistema p\u00fablico de R\u00e1dio, composto por oito emissoras: R\u00e1dio Nacional AM do Rio de Janeiro (1.130 KHz), R\u00e1dio Nacional AM de Bras\u00edlia (980 KHz), Nacional FM de Bras\u00edlia (96,1 MHz), R\u00e1dio MEC AM do Rio de Janeiro (800 KHz), MEC FM do Rio de Janeiro (99,3 MHz), R\u00e1dio Nacional da Amaz\u00f4nia OC (11.780 KHz e 6.180 KHz), R\u00e1dio Nacional AM do Alto Solim\u00f5es (670 KHz) e R\u00e1dio Nacional FM do Alto Solim\u00f5es (96.1 MHz). Por sua independ\u00eancia editorial, os ve\u00edculos p\u00fablicos distinguem-se dos canais estatais ou governamentais. A rede de emissoras produz conte\u00fados diferenciados que a singulariza por espelhar de maneira mais fidedigna a complexidade cultural brasileira, ocupando um espa\u00e7o complementar, n\u00e3o preenchido pelos canais privados.<\/p>\n","protected":false},"excerpt":{"rendered":"<p>A arrecada\u00e7\u00e3o de impostos e contribui\u00e7\u00f5es federais chegou a R$ 97,694 bilh\u00f5es em maio, com queda 0,96% em rela\u00e7\u00e3o ao mesmo per\u00edodo de 2016. No resultado acumulado de janeiro a maio, o total arrecadado (R$ 544,485 bilh\u00f5es) subiu 0,35% em rela\u00e7\u00e3o ao registrado em igual per\u00edodo do ano passado. Os dados foram divulgados pela Receita [&hellip;]<\/p>\n","protected":false},"author":2,"featured_media":57583,"comment_status":"open","ping_status":"closed","sticky":false,"template":"","format":"standard","meta":{"_genesis_hide_title":false,"_genesis_hide_breadcrumbs":false,"_genesis_hide_singular_image":false,"_genesis_hide_footer_widgets":false,"_genesis_custom_body_class":"","_genesis_custom_post_class":"","_genesis_layout":"","_jetpack_memberships_contains_paid_content":false,"footnotes":""},"categories":[22,7],"tags":[],"class_list":{"0":"post-115537","1":"post","2":"type-post","3":"status-publish","4":"format-standard","5":"has-post-thumbnail","7":"category-brasil","8":"category-economia","9":"entry","10":"gs-1","11":"gs-odd","12":"gs-even","13":"gs-featured-content-entry"},"jetpack_featured_media_url":"https:\/\/www.redenoticia.com.br\/noticia\/imagens\/economia-grafico.jpg","jetpack_sharing_enabled":true,"jetpack_likes_enabled":true,"_links":{"self":[{"href":"https:\/\/www.redenoticia.com.br\/noticia\/wp-json\/wp\/v2\/posts\/115537","targetHints":{"allow":["GET"]}}],"collection":[{"href":"https:\/\/www.redenoticia.com.br\/noticia\/wp-json\/wp\/v2\/posts"}],"about":[{"href":"https:\/\/www.redenoticia.com.br\/noticia\/wp-json\/wp\/v2\/types\/post"}],"author":[{"embeddable":true,"href":"https:\/\/www.redenoticia.com.br\/noticia\/wp-json\/wp\/v2\/users\/2"}],"replies":[{"embeddable":true,"href":"https:\/\/www.redenoticia.com.br\/noticia\/wp-json\/wp\/v2\/comments?post=115537"}],"version-history":[{"count":0,"href":"https:\/\/www.redenoticia.com.br\/noticia\/wp-json\/wp\/v2\/posts\/115537\/revisions"}],"wp:featuredmedia":[{"embeddable":true,"href":"https:\/\/www.redenoticia.com.br\/noticia\/wp-json\/wp\/v2\/media\/57583"}],"wp:attachment":[{"href":"https:\/\/www.redenoticia.com.br\/noticia\/wp-json\/wp\/v2\/media?parent=115537"}],"wp:term":[{"taxonomy":"category","embeddable":true,"href":"https:\/\/www.redenoticia.com.br\/noticia\/wp-json\/wp\/v2\/categories?post=115537"},{"taxonomy":"post_tag","embeddable":true,"href":"https:\/\/www.redenoticia.com.br\/noticia\/wp-json\/wp\/v2\/tags?post=115537"}],"curies":[{"name":"wp","href":"https:\/\/api.w.org\/{rel}","templated":true}]}}