{"id":115535,"date":"2017-06-21T00:10:52","date_gmt":"2017-06-21T03:10:52","guid":{"rendered":"https:\/\/www.redenoticia.com.br\/noticia\/?p=115535"},"modified":"2017-06-20T13:49:36","modified_gmt":"2017-06-20T16:49:36","slug":"cesta-de-produtos-de-festa-junina-tem-inflacao-de-27","status":"publish","type":"post","link":"https:\/\/www.redenoticia.com.br\/noticia\/2017\/cesta-de-produtos-de-festa-junina-tem-inflacao-de-27\/115535","title":{"rendered":"Cesta de produtos de festa junina tem infla\u00e7\u00e3o de 2,7%"},"content":{"rendered":"<p> A cesta de produtos de <strong><em>festa junina<\/em><\/strong> teve aumento de custo de 2,7% entre 2016 e 2017, segundo dados divulgados pela Funda\u00e7\u00e3o Getulio Vargas (FGV). Apesar do aumento, os produtos juninos tiveram uma infla\u00e7\u00e3o abaixo da m\u00e9dia do \u00cdndice de Pre\u00e7os ao Consumidor, que acumula taxa de 4,05% em 12 meses.<\/p>\n<p>Entre os itens com maiores aumentos de pre\u00e7o est\u00e3o o fub\u00e1 de milho (17,83%), a farinha de mandioca (16,81%), o bolo pronto (14,13%), milho de pipoca (13,43%), queijo minas (13,34%) e queijo coalho (11,90%).<\/p>\n<p>Dos 26 itens pesquisados, apenas cinco tiveram queda nos pre\u00e7os entre os festejos juninos de 2016 e as festas deste ano: a batata inglesa (-45,63%), couve (-7,52%), mandioca (-5,90%), farinha de trigo (-4,47%) e o \u00f3leo de soja (-1,83%).<\/p>\n<p>Vitor Abdala &#8211; Rep\u00f3rter da Ag\u00eancia Brasil<br \/>\nEdi\u00e7\u00e3o: Gra\u00e7a Adjuto<br \/>\n21\/06\/2017<br \/>\n&#8212;<br \/>\nCriada em 2007 para fortalecer o sistema p\u00fablico de comunica\u00e7\u00e3o, a EBC \u00e9 gestora da TV Brasil, TV Brasil Internacional, Ag\u00eancia Brasil, Radioag\u00eancia Nacional e do sistema p\u00fablico de R\u00e1dio, composto por oito emissoras: R\u00e1dio Nacional AM do Rio de Janeiro (1.130 KHz), R\u00e1dio Nacional AM de Bras\u00edlia (980 KHz), Nacional FM de Bras\u00edlia (96,1 MHz), R\u00e1dio MEC AM do Rio de Janeiro (800 KHz), MEC FM do Rio de Janeiro (99,3 MHz), R\u00e1dio Nacional da Amaz\u00f4nia OC (11.780 KHz e 6.180 KHz), R\u00e1dio Nacional AM do Alto Solim\u00f5es (670 KHz) e R\u00e1dio Nacional FM do Alto Solim\u00f5es (96.1 MHz). Por sua independ\u00eancia editorial, os ve\u00edculos p\u00fablicos distinguem-se dos canais estatais ou governamentais. A rede de emissoras produz conte\u00fados diferenciados que a singulariza por espelhar de maneira mais fidedigna a complexidade cultural brasileira, ocupando um espa\u00e7o complementar, n\u00e3o preenchido pelos canais privados.<\/p>\n","protected":false},"excerpt":{"rendered":"<p>A cesta de produtos de festa junina teve aumento de custo de 2,7% entre 2016 e 2017, segundo dados divulgados pela Funda\u00e7\u00e3o Getulio Vargas (FGV). Apesar do aumento, os produtos juninos tiveram uma infla\u00e7\u00e3o abaixo da m\u00e9dia do \u00cdndice de Pre\u00e7os ao Consumidor, que acumula taxa de 4,05% em 12 meses. Entre os itens com [&hellip;]<\/p>\n","protected":false},"author":2,"featured_media":28093,"comment_status":"open","ping_status":"closed","sticky":false,"template":"","format":"standard","meta":{"_genesis_hide_title":false,"_genesis_hide_breadcrumbs":false,"_genesis_hide_singular_image":false,"_genesis_hide_footer_widgets":false,"_genesis_custom_body_class":"","_genesis_custom_post_class":"","_genesis_layout":"","_jetpack_memberships_contains_paid_content":false,"footnotes":""},"categories":[22,7],"tags":[],"class_list":{"0":"post-115535","1":"post","2":"type-post","3":"status-publish","4":"format-standard","5":"has-post-thumbnail","7":"category-brasil","8":"category-economia","9":"entry","10":"gs-1","11":"gs-odd","12":"gs-even","13":"gs-featured-content-entry"},"jetpack_featured_media_url":"https:\/\/www.redenoticia.com.br\/noticia\/imagens\/festa-junina-receitas.jpg","jetpack_sharing_enabled":true,"jetpack_likes_enabled":true,"_links":{"self":[{"href":"https:\/\/www.redenoticia.com.br\/noticia\/wp-json\/wp\/v2\/posts\/115535","targetHints":{"allow":["GET"]}}],"collection":[{"href":"https:\/\/www.redenoticia.com.br\/noticia\/wp-json\/wp\/v2\/posts"}],"about":[{"href":"https:\/\/www.redenoticia.com.br\/noticia\/wp-json\/wp\/v2\/types\/post"}],"author":[{"embeddable":true,"href":"https:\/\/www.redenoticia.com.br\/noticia\/wp-json\/wp\/v2\/users\/2"}],"replies":[{"embeddable":true,"href":"https:\/\/www.redenoticia.com.br\/noticia\/wp-json\/wp\/v2\/comments?post=115535"}],"version-history":[{"count":0,"href":"https:\/\/www.redenoticia.com.br\/noticia\/wp-json\/wp\/v2\/posts\/115535\/revisions"}],"wp:featuredmedia":[{"embeddable":true,"href":"https:\/\/www.redenoticia.com.br\/noticia\/wp-json\/wp\/v2\/media\/28093"}],"wp:attachment":[{"href":"https:\/\/www.redenoticia.com.br\/noticia\/wp-json\/wp\/v2\/media?parent=115535"}],"wp:term":[{"taxonomy":"category","embeddable":true,"href":"https:\/\/www.redenoticia.com.br\/noticia\/wp-json\/wp\/v2\/categories?post=115535"},{"taxonomy":"post_tag","embeddable":true,"href":"https:\/\/www.redenoticia.com.br\/noticia\/wp-json\/wp\/v2\/tags?post=115535"}],"curies":[{"name":"wp","href":"https:\/\/api.w.org\/{rel}","templated":true}]}}