{"id":115533,"date":"2017-06-21T00:09:56","date_gmt":"2017-06-21T03:09:56","guid":{"rendered":"https:\/\/www.redenoticia.com.br\/noticia\/?p=115533"},"modified":"2017-06-20T13:48:47","modified_gmt":"2017-06-20T16:48:47","slug":"balanca-comercial-tem-superavit-recorde-de-us-76-bilhoes-em-maio","status":"publish","type":"post","link":"https:\/\/www.redenoticia.com.br\/noticia\/2017\/balanca-comercial-tem-superavit-recorde-de-us-76-bilhoes-em-maio\/115533","title":{"rendered":"Balan\u00e7a comercial tem super\u00e1vit recorde de US$ 7,6 bilh\u00f5es em maio"},"content":{"rendered":"<p> A <strong><em>balan\u00e7a comercial<\/em><\/strong> brasileira registrou um novo super\u00e1vit recorde mensal em maio: US$ 7,6 bilh\u00f5es (cerca de R$ 25 bilh\u00f5es). Segundo o \u00cdndice de Com\u00e9rcio Exterior da Funda\u00e7\u00e3o Getulio Vargas (FGV), no acumulado do ano, tamb\u00e9m foi anotado um recorde: US$ 29 bilh\u00f5es (aproximadamente R$ 95 bilh\u00f5es).<\/p>\n<p>Em termos de valor, as exporta\u00e7\u00f5es cresceram 13% em maio na compara\u00e7\u00e3o com maio de 2016. Os principais produtos exportados foram soja, min\u00e9rio de ferro e petr\u00f3leo, mostrando a import\u00e2ncia das commodities (mat\u00e9rias-primas cujos pre\u00e7os s\u00e3o determinados pela oferta e demanda mundial) para a balan\u00e7a comercial.<\/p>\n<p>Autom\u00f3veis t\u00eam destaque<\/p>\n<p>Entre as manufaturas, o principal destaque da exporta\u00e7\u00e3o ficou com os autom\u00f3veis, cujas vendas cresceram 60% de maio de 2016 para maio deste ano, e agora representam 3,1% do total exportado pelo pa\u00eds.<\/p>\n<p>Segundo a FGV, o bom desempenho das exporta\u00e7\u00f5es brasileiras pode ser explicado tanto pelo aumento nos pre\u00e7os de cada produto (13%) quanto pelo volume, ou seja, pela quantidade de itens exportados (9%).<\/p>\n<p>Apesar do volume de importa\u00e7\u00f5es (quantidade de itens importados) tamb\u00e9m ter crescido (13%) at\u00e9 mais do que as exporta\u00e7\u00f5es entre maio de 2016 e maio de 2017, o valor total das importa\u00e7\u00f5es n\u00e3o cresceu tanto (9%) quanto o das exporta\u00e7\u00f5es (13%), por conta da queda no pre\u00e7o dos produtos importados (-1,6%).<\/p>\n<p>Vitor Abdala &#8211; Rep\u00f3rter da Ag\u00eancia Brasil<br \/>\nEdi\u00e7\u00e3o: Kleber Sampaio<br \/>\n21\/06\/2017<\/p>\n","protected":false},"excerpt":{"rendered":"<p>A balan\u00e7a comercial brasileira registrou um novo super\u00e1vit recorde mensal em maio: US$ 7,6 bilh\u00f5es (cerca de R$ 25 bilh\u00f5es). Segundo o \u00cdndice de Com\u00e9rcio Exterior da Funda\u00e7\u00e3o Getulio Vargas (FGV), no acumulado do ano, tamb\u00e9m foi anotado um recorde: US$ 29 bilh\u00f5es (aproximadamente R$ 95 bilh\u00f5es). Em termos de valor, as exporta\u00e7\u00f5es cresceram 13% [&hellip;]<\/p>\n","protected":false},"author":2,"featured_media":57582,"comment_status":"open","ping_status":"closed","sticky":false,"template":"","format":"standard","meta":{"_genesis_hide_title":false,"_genesis_hide_breadcrumbs":false,"_genesis_hide_singular_image":false,"_genesis_hide_footer_widgets":false,"_genesis_custom_body_class":"","_genesis_custom_post_class":"","_genesis_layout":"","_jetpack_memberships_contains_paid_content":false,"footnotes":""},"categories":[22,7],"tags":[],"class_list":{"0":"post-115533","1":"post","2":"type-post","3":"status-publish","4":"format-standard","5":"has-post-thumbnail","7":"category-brasil","8":"category-economia","9":"entry","10":"gs-1","11":"gs-odd","12":"gs-even","13":"gs-featured-content-entry"},"jetpack_featured_media_url":"https:\/\/www.redenoticia.com.br\/noticia\/imagens\/grafico1.jpg","jetpack_sharing_enabled":true,"jetpack_likes_enabled":true,"_links":{"self":[{"href":"https:\/\/www.redenoticia.com.br\/noticia\/wp-json\/wp\/v2\/posts\/115533","targetHints":{"allow":["GET"]}}],"collection":[{"href":"https:\/\/www.redenoticia.com.br\/noticia\/wp-json\/wp\/v2\/posts"}],"about":[{"href":"https:\/\/www.redenoticia.com.br\/noticia\/wp-json\/wp\/v2\/types\/post"}],"author":[{"embeddable":true,"href":"https:\/\/www.redenoticia.com.br\/noticia\/wp-json\/wp\/v2\/users\/2"}],"replies":[{"embeddable":true,"href":"https:\/\/www.redenoticia.com.br\/noticia\/wp-json\/wp\/v2\/comments?post=115533"}],"version-history":[{"count":0,"href":"https:\/\/www.redenoticia.com.br\/noticia\/wp-json\/wp\/v2\/posts\/115533\/revisions"}],"wp:featuredmedia":[{"embeddable":true,"href":"https:\/\/www.redenoticia.com.br\/noticia\/wp-json\/wp\/v2\/media\/57582"}],"wp:attachment":[{"href":"https:\/\/www.redenoticia.com.br\/noticia\/wp-json\/wp\/v2\/media?parent=115533"}],"wp:term":[{"taxonomy":"category","embeddable":true,"href":"https:\/\/www.redenoticia.com.br\/noticia\/wp-json\/wp\/v2\/categories?post=115533"},{"taxonomy":"post_tag","embeddable":true,"href":"https:\/\/www.redenoticia.com.br\/noticia\/wp-json\/wp\/v2\/tags?post=115533"}],"curies":[{"name":"wp","href":"https:\/\/api.w.org\/{rel}","templated":true}]}}