{"id":115531,"date":"2017-06-21T00:08:12","date_gmt":"2017-06-21T03:08:12","guid":{"rendered":"https:\/\/www.redenoticia.com.br\/noticia\/?p=115531"},"modified":"2017-06-20T13:47:54","modified_gmt":"2017-06-20T16:47:54","slug":"museus-de-sp-lancam-exposicoes-virtuais-em-acao-da-google","status":"publish","type":"post","link":"https:\/\/www.redenoticia.com.br\/noticia\/2017\/museus-de-sp-lancam-exposicoes-virtuais-em-acao-da-google\/115531","title":{"rendered":"Museus de SP lan\u00e7am exposi\u00e7\u00f5es virtuais em a\u00e7\u00e3o da Google"},"content":{"rendered":"<p> Os Museus, do , da  e o  se integram ao projeto mundial da <strong><em>Google Arts &amp; Culture<\/em><\/strong>: \u201cWe Wear Culture\u201d (n\u00f3s vestimos cultura). Os espa\u00e7os da Secretaria da Cultura participam da iniciativa junto com mais de 180 locais ao redor do mundo. Cidades como Nova York, Londres, Paris, T\u00f3quio, Berlim cederam espa\u00e7os para as exposi\u00e7\u00f5es literalmente mostrarem a cultura por meio das roupas.<\/p>\n<p>A ideia \u00e9 exibir a conex\u00e3o que a cultura mundial faz com a moda e como est\u00e1 inserida no contexto museol\u00f3gico e art\u00edstico. Os curadores do projeto s\u00e3o especialistas da moda, designers e membros de universidades, museus e ONGs.<\/p>\n<p>No Museu da Casa Brasileira e no Afro Brasil a associa\u00e7\u00e3o com a moda \u00e9 bem mais palp\u00e1vel. Entretanto, no caso do Museu do Futebol: O que o futebol tem a ver com moda? Poder\u00edamos destacar uma s\u00e9rie de itens. Por exemplo, as cores, padr\u00f5es visuais, estilos nascidos nas ruas e at\u00e9 mesmo o tecido, remetendo \u00e0 tecnologia t\u00eaxtil, liga a cultura da na\u00e7\u00e3o com o esporte.<\/p>\n<p>As exposi\u00e7\u00f5es do Museu do Futebol para a a\u00e7\u00e3o s\u00e3o virtuais e foram preparadas especialmente para o projeto We Wear Culture. Elas s\u00e3o: \u201cA hist\u00f3ria da camisa canarinho: como o amarelo ouro passou a vestir o Brasil\u201d. \u201cChuteiras: a evolu\u00e7\u00e3o do futebol na ponta dos p\u00e9s\u201d e \u201cEstilo em campo: acess\u00f3rios, cores e tecnologia na moda do futebol\u201d.<\/p>\n<p>Para conferir todas as exposi\u00e7\u00f5es basta acessar a plataforma do Google e utilizar o sistema de busca.<\/p>\n<p>Veja a programa\u00e7\u00e3o completa da Google Arts &amp; Culture: \u201cWe Wear Culture\u201d\u00a0.<\/p>\n<p>Do Portal do Governo SP<\/p>\n","protected":false},"excerpt":{"rendered":"<p>Os Museus, do , da e o se integram ao projeto mundial da Google Arts &amp; Culture: \u201cWe Wear Culture\u201d (n\u00f3s vestimos cultura). Os espa\u00e7os da Secretaria da Cultura participam da iniciativa junto com mais de 180 locais ao redor do mundo. Cidades como Nova York, Londres, Paris, T\u00f3quio, Berlim cederam espa\u00e7os para as exposi\u00e7\u00f5es [&hellip;]<\/p>\n","protected":false},"author":2,"featured_media":57576,"comment_status":"open","ping_status":"closed","sticky":false,"template":"","format":"standard","meta":{"_genesis_hide_title":false,"_genesis_hide_breadcrumbs":false,"_genesis_hide_singular_image":false,"_genesis_hide_footer_widgets":false,"_genesis_custom_body_class":"","_genesis_custom_post_class":"","_genesis_layout":"","_jetpack_memberships_contains_paid_content":false,"footnotes":""},"categories":[22],"tags":[],"class_list":{"0":"post-115531","1":"post","2":"type-post","3":"status-publish","4":"format-standard","5":"has-post-thumbnail","7":"category-brasil","8":"entry","9":"gs-1","10":"gs-odd","11":"gs-even","12":"gs-featured-content-entry"},"jetpack_featured_media_url":"https:\/\/www.redenoticia.com.br\/noticia\/imagens\/tecnologia1.jpg","jetpack_sharing_enabled":true,"jetpack_likes_enabled":true,"_links":{"self":[{"href":"https:\/\/www.redenoticia.com.br\/noticia\/wp-json\/wp\/v2\/posts\/115531","targetHints":{"allow":["GET"]}}],"collection":[{"href":"https:\/\/www.redenoticia.com.br\/noticia\/wp-json\/wp\/v2\/posts"}],"about":[{"href":"https:\/\/www.redenoticia.com.br\/noticia\/wp-json\/wp\/v2\/types\/post"}],"author":[{"embeddable":true,"href":"https:\/\/www.redenoticia.com.br\/noticia\/wp-json\/wp\/v2\/users\/2"}],"replies":[{"embeddable":true,"href":"https:\/\/www.redenoticia.com.br\/noticia\/wp-json\/wp\/v2\/comments?post=115531"}],"version-history":[{"count":0,"href":"https:\/\/www.redenoticia.com.br\/noticia\/wp-json\/wp\/v2\/posts\/115531\/revisions"}],"wp:featuredmedia":[{"embeddable":true,"href":"https:\/\/www.redenoticia.com.br\/noticia\/wp-json\/wp\/v2\/media\/57576"}],"wp:attachment":[{"href":"https:\/\/www.redenoticia.com.br\/noticia\/wp-json\/wp\/v2\/media?parent=115531"}],"wp:term":[{"taxonomy":"category","embeddable":true,"href":"https:\/\/www.redenoticia.com.br\/noticia\/wp-json\/wp\/v2\/categories?post=115531"},{"taxonomy":"post_tag","embeddable":true,"href":"https:\/\/www.redenoticia.com.br\/noticia\/wp-json\/wp\/v2\/tags?post=115531"}],"curies":[{"name":"wp","href":"https:\/\/api.w.org\/{rel}","templated":true}]}}