{"id":115471,"date":"2017-06-20T00:10:02","date_gmt":"2017-06-20T03:10:02","guid":{"rendered":"https:\/\/www.redenoticia.com.br\/noticia\/?p=115471"},"modified":"2017-06-19T20:25:09","modified_gmt":"2017-06-19T23:25:09","slug":"producao-de-petroleo-da-petrobras-cresce-39-em-maio","status":"publish","type":"post","link":"https:\/\/www.redenoticia.com.br\/noticia\/2017\/producao-de-petroleo-da-petrobras-cresce-39-em-maio\/115471","title":{"rendered":"Produ\u00e7\u00e3o de petr\u00f3leo da Petrobras cresce 3,9% em maio"},"content":{"rendered":"<p> A <strong><em>produ\u00e7\u00e3o m\u00e9dia de petr\u00f3leo<\/em><\/strong> em campos nacionais em maio deste ano pela Petrobras ficou em 2,18 milh\u00f5es de barris por dia, volume 3,9% maior do que o registrado em abril. O crescimento pode ser explicado, entre outros motivos, pelo in\u00edcio da produ\u00e7\u00e3o da plataforma P-66 no sul do campo de Lula, na Bacia de Santos.<\/p>\n<p>Tamb\u00e9m contribu\u00edram para o crescimento no m\u00eas o retorno \u00e0 produ\u00e7\u00e3o de duas plataformas que estavam em manuten\u00e7\u00e3o: P-37 (campo de Marlim na Bacia de Campos) e FPSO Cidade de Angra dos Reis (campo de Lula)<\/p>\n<p>Considerando-se a produ\u00e7\u00e3o de petr\u00f3leo e g\u00e1s no Brasil e no exterior, a produ\u00e7\u00e3o total da empresa chegou a 2,8 milh\u00f5es de barris de \u00f3leo equivalente (medida que junta barris de petr\u00f3leo com volume de g\u00e1s), sendo 2,68 milh\u00f5es no Brasil e 120 mil no exterior.<\/p>\n<p>A produ\u00e7\u00e3o de \u00f3leo e g\u00e1s na camada pr\u00e9-sal atingiu 1,57 milh\u00e3o de barris de \u00f3leo equivalente, um aumento de 5,1% acima do realizado no m\u00eas anterior e 37% superior ao resultado de maio de 2016.<\/p>\n<p>Vitor Abdala &#8211; Rep\u00f3rter da Ag\u00eancia Brasil<br \/>\nEdi\u00e7\u00e3o: Kleber Sampaio<br \/>\n20\/06\/2017<br \/>\n&#8212;<\/p>\n<p>Criada em 2007 para fortalecer o sistema p\u00fablico de comunica\u00e7\u00e3o, a EBC \u00e9 gestora da TV Brasil, TV Brasil Internacional, Ag\u00eancia Brasil, Radioag\u00eancia Nacional e do sistema p\u00fablico de R\u00e1dio, composto por oito emissoras: R\u00e1dio Nacional AM do Rio de Janeiro (1.130 KHz), R\u00e1dio Nacional AM de Bras\u00edlia (980 KHz), Nacional FM de Bras\u00edlia (96,1 MHz), R\u00e1dio MEC AM do Rio de Janeiro (800 KHz), MEC FM do Rio de Janeiro (99,3 MHz), R\u00e1dio Nacional da Amaz\u00f4nia OC (11.780 KHz e 6.180 KHz), R\u00e1dio Nacional AM do Alto Solim\u00f5es (670 KHz) e R\u00e1dio Nacional FM do Alto Solim\u00f5es (96.1 MHz). Por sua independ\u00eancia editorial, os ve\u00edculos p\u00fablicos distinguem-se dos canais estatais ou governamentais. A rede de emissoras produz conte\u00fados diferenciados que a singulariza por espelhar de maneira mais fidedigna a complexidade cultural brasileira, ocupando um espa\u00e7o complementar, n\u00e3o preenchido pelos canais privados.<\/p>\n","protected":false},"excerpt":{"rendered":"<p>A produ\u00e7\u00e3o m\u00e9dia de petr\u00f3leo em campos nacionais em maio deste ano pela Petrobras ficou em 2,18 milh\u00f5es de barris por dia, volume 3,9% maior do que o registrado em abril. O crescimento pode ser explicado, entre outros motivos, pelo in\u00edcio da produ\u00e7\u00e3o da plataforma P-66 no sul do campo de Lula, na Bacia de [&hellip;]<\/p>\n","protected":false},"author":2,"featured_media":57585,"comment_status":"open","ping_status":"closed","sticky":false,"template":"","format":"standard","meta":{"_genesis_hide_title":false,"_genesis_hide_breadcrumbs":false,"_genesis_hide_singular_image":false,"_genesis_hide_footer_widgets":false,"_genesis_custom_body_class":"","_genesis_custom_post_class":"","_genesis_layout":"","_jetpack_memberships_contains_paid_content":false,"footnotes":""},"categories":[22,7],"tags":[],"class_list":{"0":"post-115471","1":"post","2":"type-post","3":"status-publish","4":"format-standard","5":"has-post-thumbnail","7":"category-brasil","8":"category-economia","9":"entry","10":"gs-1","11":"gs-odd","12":"gs-even","13":"gs-featured-content-entry"},"jetpack_featured_media_url":"https:\/\/www.redenoticia.com.br\/noticia\/imagens\/analise-economia.jpg","jetpack_sharing_enabled":true,"jetpack_likes_enabled":true,"_links":{"self":[{"href":"https:\/\/www.redenoticia.com.br\/noticia\/wp-json\/wp\/v2\/posts\/115471","targetHints":{"allow":["GET"]}}],"collection":[{"href":"https:\/\/www.redenoticia.com.br\/noticia\/wp-json\/wp\/v2\/posts"}],"about":[{"href":"https:\/\/www.redenoticia.com.br\/noticia\/wp-json\/wp\/v2\/types\/post"}],"author":[{"embeddable":true,"href":"https:\/\/www.redenoticia.com.br\/noticia\/wp-json\/wp\/v2\/users\/2"}],"replies":[{"embeddable":true,"href":"https:\/\/www.redenoticia.com.br\/noticia\/wp-json\/wp\/v2\/comments?post=115471"}],"version-history":[{"count":0,"href":"https:\/\/www.redenoticia.com.br\/noticia\/wp-json\/wp\/v2\/posts\/115471\/revisions"}],"wp:featuredmedia":[{"embeddable":true,"href":"https:\/\/www.redenoticia.com.br\/noticia\/wp-json\/wp\/v2\/media\/57585"}],"wp:attachment":[{"href":"https:\/\/www.redenoticia.com.br\/noticia\/wp-json\/wp\/v2\/media?parent=115471"}],"wp:term":[{"taxonomy":"category","embeddable":true,"href":"https:\/\/www.redenoticia.com.br\/noticia\/wp-json\/wp\/v2\/categories?post=115471"},{"taxonomy":"post_tag","embeddable":true,"href":"https:\/\/www.redenoticia.com.br\/noticia\/wp-json\/wp\/v2\/tags?post=115471"}],"curies":[{"name":"wp","href":"https:\/\/api.w.org\/{rel}","templated":true}]}}