{"id":115469,"date":"2017-06-20T00:09:17","date_gmt":"2017-06-20T03:09:17","guid":{"rendered":"https:\/\/www.redenoticia.com.br\/noticia\/?p=115469"},"modified":"2017-06-19T20:22:58","modified_gmt":"2017-06-19T23:22:58","slug":"igp-m-registra-queda-de-precos-de-061-na-segunda-previa-de-junho","status":"publish","type":"post","link":"https:\/\/www.redenoticia.com.br\/noticia\/2017\/igp-m-registra-queda-de-precos-de-061-na-segunda-previa-de-junho\/115469","title":{"rendered":"IGP-M registra queda de pre\u00e7os de 0,61% na segunda pr\u00e9via de junho"},"content":{"rendered":"<p> O \u00cdndice Geral de Pre\u00e7os &#8211; Mercado (<strong><em>IGP-M<\/em><\/strong>), usado para reajuste de contratos de aluguel, teve defla\u00e7\u00e3o (queda de pre\u00e7os) de 0,61% na segunda pr\u00e9via de junho deste ano. O IGP-M j\u00e1 tinha registrado defla\u00e7\u00e3o de 0,89% na segunda pr\u00e9via de maio.<\/p>\n<p>Segundo a Funda\u00e7\u00e3o Getulio Vargas (FGV), com a defla\u00e7\u00e3o do indicador na segunda pr\u00e9via de junho, o IGP-M acumula quedas de 1,89% no ano e de 0,72% no per\u00edodo de 12 meses.<\/p>\n<p>Entre os sub\u00edndices que comp\u00f5em o IGP-M, apenas o \u00cdndice de Pre\u00e7os ao Produtor Amplo, que analisa o varejo, teve defla\u00e7\u00e3o (-1,16%) na segunda pr\u00e9via de junho. O \u00cdndice de Pre\u00e7os ao Consumidor, que analisa o varejo, teve infla\u00e7\u00e3o de 0,01%. J\u00e1 o \u00cdndice Nacional de Custo da Constru\u00e7\u00e3o teve infla\u00e7\u00e3o de 1,33%.<\/p>\n<p>\u00edndice de refer\u00eancia utilizado para o reajuste dos aumentos da energia el\u00e9trica e dos contratos de alugu\u00e9is.<\/p>\n<p>Vitor Abdala \u2013 Rep\u00f3rter da Ag\u00eancia Brasil<br \/>\nEdi\u00e7\u00e3o: Maria Claudia<br \/>\n20\/06\/2017<br \/>\n&#8212;<br \/>\nCriada em 2007 para fortalecer o sistema p\u00fablico de comunica\u00e7\u00e3o, a EBC \u00e9 gestora da TV Brasil, TV Brasil Internacional, Ag\u00eancia Brasil, Radioag\u00eancia Nacional e do sistema p\u00fablico de R\u00e1dio, composto por oito emissoras: R\u00e1dio Nacional AM do Rio de Janeiro (1.130 KHz), R\u00e1dio Nacional AM de Bras\u00edlia (980 KHz), Nacional FM de Bras\u00edlia (96,1 MHz), R\u00e1dio MEC AM do Rio de Janeiro (800 KHz), MEC FM do Rio de Janeiro (99,3 MHz), R\u00e1dio Nacional da Amaz\u00f4nia OC (11.780 KHz e 6.180 KHz), R\u00e1dio Nacional AM do Alto Solim\u00f5es (670 KHz) e R\u00e1dio Nacional FM do Alto Solim\u00f5es (96.1 MHz). Por sua independ\u00eancia editorial, os ve\u00edculos p\u00fablicos distinguem-se dos canais estatais ou governamentais. A rede de emissoras produz conte\u00fados diferenciados que a singulariza por espelhar de maneira mais fidedigna a complexidade cultural brasileira, ocupando um espa\u00e7o complementar, n\u00e3o preenchido pelos canais privados.<\/p>\n","protected":false},"excerpt":{"rendered":"<p>O \u00cdndice Geral de Pre\u00e7os &#8211; Mercado (IGP-M), usado para reajuste de contratos de aluguel, teve defla\u00e7\u00e3o (queda de pre\u00e7os) de 0,61% na segunda pr\u00e9via de junho deste ano. O IGP-M j\u00e1 tinha registrado defla\u00e7\u00e3o de 0,89% na segunda pr\u00e9via de maio. Segundo a Funda\u00e7\u00e3o Getulio Vargas (FGV), com a defla\u00e7\u00e3o do indicador na segunda [&hellip;]<\/p>\n","protected":false},"author":2,"featured_media":57583,"comment_status":"open","ping_status":"closed","sticky":false,"template":"","format":"standard","meta":{"_genesis_hide_title":false,"_genesis_hide_breadcrumbs":false,"_genesis_hide_singular_image":false,"_genesis_hide_footer_widgets":false,"_genesis_custom_body_class":"","_genesis_custom_post_class":"","_genesis_layout":"","_jetpack_memberships_contains_paid_content":false,"footnotes":""},"categories":[22,7],"tags":[],"class_list":{"0":"post-115469","1":"post","2":"type-post","3":"status-publish","4":"format-standard","5":"has-post-thumbnail","7":"category-brasil","8":"category-economia","9":"entry","10":"gs-1","11":"gs-odd","12":"gs-even","13":"gs-featured-content-entry"},"jetpack_featured_media_url":"https:\/\/www.redenoticia.com.br\/noticia\/imagens\/economia-grafico.jpg","jetpack_sharing_enabled":true,"jetpack_likes_enabled":true,"_links":{"self":[{"href":"https:\/\/www.redenoticia.com.br\/noticia\/wp-json\/wp\/v2\/posts\/115469","targetHints":{"allow":["GET"]}}],"collection":[{"href":"https:\/\/www.redenoticia.com.br\/noticia\/wp-json\/wp\/v2\/posts"}],"about":[{"href":"https:\/\/www.redenoticia.com.br\/noticia\/wp-json\/wp\/v2\/types\/post"}],"author":[{"embeddable":true,"href":"https:\/\/www.redenoticia.com.br\/noticia\/wp-json\/wp\/v2\/users\/2"}],"replies":[{"embeddable":true,"href":"https:\/\/www.redenoticia.com.br\/noticia\/wp-json\/wp\/v2\/comments?post=115469"}],"version-history":[{"count":0,"href":"https:\/\/www.redenoticia.com.br\/noticia\/wp-json\/wp\/v2\/posts\/115469\/revisions"}],"wp:featuredmedia":[{"embeddable":true,"href":"https:\/\/www.redenoticia.com.br\/noticia\/wp-json\/wp\/v2\/media\/57583"}],"wp:attachment":[{"href":"https:\/\/www.redenoticia.com.br\/noticia\/wp-json\/wp\/v2\/media?parent=115469"}],"wp:term":[{"taxonomy":"category","embeddable":true,"href":"https:\/\/www.redenoticia.com.br\/noticia\/wp-json\/wp\/v2\/categories?post=115469"},{"taxonomy":"post_tag","embeddable":true,"href":"https:\/\/www.redenoticia.com.br\/noticia\/wp-json\/wp\/v2\/tags?post=115469"}],"curies":[{"name":"wp","href":"https:\/\/api.w.org\/{rel}","templated":true}]}}