{"id":115467,"date":"2017-06-20T00:08:06","date_gmt":"2017-06-20T03:08:06","guid":{"rendered":"https:\/\/www.redenoticia.com.br\/noticia\/?p=115467"},"modified":"2017-06-19T20:20:14","modified_gmt":"2017-06-19T23:20:14","slug":"mercado-financeiro-reduz-projecao-para-inflacao-e-pib","status":"publish","type":"post","link":"https:\/\/www.redenoticia.com.br\/noticia\/2017\/mercado-financeiro-reduz-projecao-para-inflacao-e-pib\/115467","title":{"rendered":"Mercado financeiro reduz proje\u00e7\u00e3o para infla\u00e7\u00e3o e PIB"},"content":{"rendered":"<p> O mercado financeiro reduziu a proje\u00e7\u00e3o para a <strong><em>infla\u00e7\u00e3o<\/em><\/strong> e para o crescimento da economia este ano. Segundo do boletim Focus, publica\u00e7\u00e3o elaborada todas as semanas pelo Banco Central (BC) com base em estimativas de institui\u00e7\u00f5es financeiras, a proje\u00e7\u00e3o para o \u00cdndice Nacional de Pre\u00e7os ao Consumidor Amplo (IPCA), passou de 3,71% para 3,64% este ano.<\/p>\n<p>Essa foi a terceira redu\u00e7\u00e3o seguida. Para 2018, a estimativa caiu de 4,37% para 4,33% no segundo ajuste consecutivo. As proje\u00e7\u00f5es permanecem abaixo do centro da meta de infla\u00e7\u00e3o, que \u00e9 de 4,5%.<\/p>\n<p>Para o junho, o mercado financeiro espera por defla\u00e7\u00e3o (-0,07%), ap\u00f3s projetar estabilidade dos pre\u00e7os na semana passada.<\/p>\n<p>A estimativa para o crescimento do Produto Interno Bruto (PIB), a soma de todas as riquezas produzidas pelo pa\u00eds, foi reduzida de 0,41% para 0,40%, em 2017, no segundo ajuste consecutivo. Para o pr\u00f3ximo ano, a proje\u00e7\u00e3o de crescimento da economia passou de 2,30% para 2,20% na quarta redu\u00e7\u00e3o consecutiva.<\/p>\n<p>Para as institui\u00e7\u00f5es financeiras, a taxa Selic encerrar\u00e1 2017 e 2018 em 8,5% ao ano. Atualmente, a Selic est\u00e1 em 10,25% ao ano. A Selic \u00e9 um dos instrumentos usados para influenciar a atividade econ\u00f4mica e, consequentemente, a infla\u00e7\u00e3o. Quando o Copom aumenta a Selic, a meta \u00e9 conter a demanda aquecida, e isso gera reflexos nos pre\u00e7os porque os juros mais altos encarecem o cr\u00e9dito e estimulam a poupan\u00e7a.<\/p>\n<p>J\u00e1 quando o Copom diminui os juros b\u00e1sicos, a tend\u00eancia \u00e9 que o cr\u00e9dito fique mais barato, com incentivo \u00e0 produ\u00e7\u00e3o e ao consumo, reduzindo o controle sobre a infla\u00e7\u00e3o.<\/p>\n<p>Kelly Oliveira &#8211; Rep\u00f3rter da Ag\u00eancia Brasil<br \/>\nEdi\u00e7\u00e3o: Kleber Sampaio<br \/>\n20\/06\/2017<\/p>\n","protected":false},"excerpt":{"rendered":"<p>O mercado financeiro reduziu a proje\u00e7\u00e3o para a infla\u00e7\u00e3o e para o crescimento da economia este ano. Segundo do boletim Focus, publica\u00e7\u00e3o elaborada todas as semanas pelo Banco Central (BC) com base em estimativas de institui\u00e7\u00f5es financeiras, a proje\u00e7\u00e3o para o \u00cdndice Nacional de Pre\u00e7os ao Consumidor Amplo (IPCA), passou de 3,71% para 3,64% este [&hellip;]<\/p>\n","protected":false},"author":2,"featured_media":57584,"comment_status":"open","ping_status":"closed","sticky":false,"template":"","format":"standard","meta":{"_genesis_hide_title":false,"_genesis_hide_breadcrumbs":false,"_genesis_hide_singular_image":false,"_genesis_hide_footer_widgets":false,"_genesis_custom_body_class":"","_genesis_custom_post_class":"","_genesis_layout":"","_jetpack_memberships_contains_paid_content":false,"footnotes":""},"categories":[22,7],"tags":[],"class_list":{"0":"post-115467","1":"post","2":"type-post","3":"status-publish","4":"format-standard","5":"has-post-thumbnail","7":"category-brasil","8":"category-economia","9":"entry","10":"gs-1","11":"gs-odd","12":"gs-even","13":"gs-featured-content-entry"},"jetpack_featured_media_url":"https:\/\/www.redenoticia.com.br\/noticia\/imagens\/economia-grafica-analise-inflacao.jpg","jetpack_sharing_enabled":true,"jetpack_likes_enabled":true,"_links":{"self":[{"href":"https:\/\/www.redenoticia.com.br\/noticia\/wp-json\/wp\/v2\/posts\/115467","targetHints":{"allow":["GET"]}}],"collection":[{"href":"https:\/\/www.redenoticia.com.br\/noticia\/wp-json\/wp\/v2\/posts"}],"about":[{"href":"https:\/\/www.redenoticia.com.br\/noticia\/wp-json\/wp\/v2\/types\/post"}],"author":[{"embeddable":true,"href":"https:\/\/www.redenoticia.com.br\/noticia\/wp-json\/wp\/v2\/users\/2"}],"replies":[{"embeddable":true,"href":"https:\/\/www.redenoticia.com.br\/noticia\/wp-json\/wp\/v2\/comments?post=115467"}],"version-history":[{"count":0,"href":"https:\/\/www.redenoticia.com.br\/noticia\/wp-json\/wp\/v2\/posts\/115467\/revisions"}],"wp:featuredmedia":[{"embeddable":true,"href":"https:\/\/www.redenoticia.com.br\/noticia\/wp-json\/wp\/v2\/media\/57584"}],"wp:attachment":[{"href":"https:\/\/www.redenoticia.com.br\/noticia\/wp-json\/wp\/v2\/media?parent=115467"}],"wp:term":[{"taxonomy":"category","embeddable":true,"href":"https:\/\/www.redenoticia.com.br\/noticia\/wp-json\/wp\/v2\/categories?post=115467"},{"taxonomy":"post_tag","embeddable":true,"href":"https:\/\/www.redenoticia.com.br\/noticia\/wp-json\/wp\/v2\/tags?post=115467"}],"curies":[{"name":"wp","href":"https:\/\/api.w.org\/{rel}","templated":true}]}}