{"id":115405,"date":"2017-06-19T00:11:31","date_gmt":"2017-06-19T03:11:31","guid":{"rendered":"https:\/\/www.redenoticia.com.br\/noticia\/?p=115405"},"modified":"2017-06-18T19:08:13","modified_gmt":"2017-06-18T22:08:13","slug":"campus-party-debateu-a-participacao-da-sociedade-em-cidades-inteligentes","status":"publish","type":"post","link":"https:\/\/www.redenoticia.com.br\/noticia\/2017\/campus-party-debateu-a-participacao-da-sociedade-em-cidades-inteligentes\/115405","title":{"rendered":"Campus Party debateu a participa\u00e7\u00e3o da sociedade em cidades inteligentes"},"content":{"rendered":"<p> A participa\u00e7\u00e3o da sociedade \u00e9 condi\u00e7\u00e3o fundamental para o desenvolvimento das chamadas <strong><em>cidades inteligentes<\/em><\/strong>, que integram dados em um sistema unificado de tecnologia, buscando melhorar a qualidade de vida da popula\u00e7\u00e3o e preservar recursos ambientais. A avalia\u00e7\u00e3o foi feita por participantes da primeira edi\u00e7\u00e3o da Campus Party Bras\u00edlia. No entanto, esse conceito ainda \u00e9 considerado novo no Brasil.<\/p>\n<p>Segundo Cl\u00e1udio Nascimento, vice-presidente da Rede Brasileira de Cidades Inteligentes e Humanas (CIH), \u00e9 urgente que haja uma preocupa\u00e7\u00e3o em envolver os cidad\u00e3os no processo de desenvolvimento de suas comunidades. \u201cA Europa j\u00e1 tem debates sobre cidades sensitivas, e n\u00f3s ainda estamos falando de cidades inteligentes\u201d, afirma. \u201cAs cidades n\u00e3o s\u00e3o planejadas para pessoas. Sinto falta desse debate envolvendo a popula\u00e7\u00e3o; o ganho seria excelente\u201d, diz.<\/p>\n<p> O envolvimento de cada cidad\u00e3o pode ser mais proativo, defende o doutor em comunica\u00e7\u00e3o Dado Schneider. Ele afirma que \u00e9 nas cidades que as pessoas t\u00eam maior oportunidade para agir. \u201cA cidade \u00e9 a nossa primeira refer\u00eancia de vida na sociedade; n\u00e3o \u00e9 o pa\u00eds, o mundo. \u00c9 na cidade onde a gente vira gente, cidad\u00e3o, e quando a gente lida diretamente com o governo\u201d, destaca.<\/p>\n<p>Schneider afirma que os brasileiros t\u00eam o h\u00e1bito de n\u00e3o questionar quais s\u00e3o seus deveres na din\u00e2mica de mudan\u00e7as sociais e na constru\u00e7\u00e3o de cidades inteligentes. Para ele, \u00e9 necess\u00e1rio romper com muitas das rotinas que se d\u00e3o atualmente nos processos democr\u00e1ticos.  Schneider defende a organiza\u00e7\u00e3o social, independente de posicionamentos pol\u00edticos, para cobrar essa mudan\u00e7a de postura. \u201cPol\u00edticas p\u00fablicas devem ser trabalhadas para daqui a 25, 30 anos, n\u00e3o em curto prazo. Isso depende de todos e transcende interesses pol\u00edticos partid\u00e1rios. Precisamos colocar o bem comum acima disso\u201d, afirma.<\/p>\n<p>Os cidad\u00e3os podem ser protagonistas ajudando a identificar as voca\u00e7\u00f5es de suas cidades, diz Schneider. Segundo ele, Gramado \u00e9 a \u00fanica cidade que j\u00e1 conseguiu fazer isso no Brasil. \u201cGramado se autossustenta porque entendeu que sua voca\u00e7\u00e3o \u00e9 o turismo. Bras\u00edlia, por exemplo, pode ser um polo de inova\u00e7\u00e3o, mas isso precisa ser planejado a longo prazo\u201d, argumenta<\/p>\n<p>Oportunidade para neg\u00f3cios<\/p>\n<p>O planejamento de cidades inteligentes traz \u00e0 tona possibilidades que podem incluir n\u00e3o s\u00f3 grandes organiza\u00e7\u00f5es, mas micro e pequenos empres\u00e1rios que tenham ideias criativas. Segundo Andrezza Torres, coordenadora nacional de Smart Cities do Servi\u00e7o Brasileiro de Apoio \u00e0s Micro e Pequenas Empresas (Sebrae), h\u00e1 potencial para desenvolvimento do setor, mas a burocracia ainda \u00e9 um entrave para a maior parte das startups (empresas iniciantes de tecnologia). \u201c H\u00e1 hoje uma preocupa\u00e7\u00e3o de se trazer solu\u00e7\u00f5es para cidad\u00e3o e gestor, mas n\u00e3o h\u00e1 o mesmo esfor\u00e7o para desburocratizar a compra [pelo governo] \u201d, afirma.<\/p>\n<p>De acordo com a coordenadora, \u00e9 necess\u00e1rio levar o empreendedorismo para a realidade da cidade, mapeando o que o local precisa ter ou melhorar. O Sebrae atua ajudando os empreendedores a fazerem investimentos que t\u00eam potencial nas suas localidades. \u201cQuantas oportunidades h\u00e1 para pequenos neg\u00f3cios no contexto da substitui\u00e7\u00e3o de trabalho humano pelas m\u00e1quinas? O que fazemos \u00e9 identificar os n\u00edveis em que as cidades est\u00e3o em cada uma das verticais [servi\u00e7os], e analisar qual \u00e9 a necessidade em cada uma de acordo com o n\u00edvel de evolu\u00e7\u00e3o em que elas est\u00e3o\u201d, explica.<\/p>\n<p>Ana Elisa Santana &#8211; Rep\u00f3rter da Ag\u00eancia Brasil<br \/>\nEdi\u00e7\u00e3o: Juliana Andrade<br \/>\n19\/06\/2017<\/p>\n","protected":false},"excerpt":{"rendered":"<p>A participa\u00e7\u00e3o da sociedade \u00e9 condi\u00e7\u00e3o fundamental para o desenvolvimento das chamadas cidades inteligentes, que integram dados em um sistema unificado de tecnologia, buscando melhorar a qualidade de vida da popula\u00e7\u00e3o e preservar recursos ambientais. A avalia\u00e7\u00e3o foi feita por participantes da primeira edi\u00e7\u00e3o da Campus Party Bras\u00edlia. No entanto, esse conceito ainda \u00e9 considerado [&hellip;]<\/p>\n","protected":false},"author":2,"featured_media":34681,"comment_status":"open","ping_status":"closed","sticky":false,"template":"","format":"standard","meta":{"_genesis_hide_title":false,"_genesis_hide_breadcrumbs":false,"_genesis_hide_singular_image":false,"_genesis_hide_footer_widgets":false,"_genesis_custom_body_class":"","_genesis_custom_post_class":"","_genesis_layout":"","_jetpack_memberships_contains_paid_content":false,"footnotes":""},"categories":[22,7],"tags":[],"class_list":{"0":"post-115405","1":"post","2":"type-post","3":"status-publish","4":"format-standard","5":"has-post-thumbnail","7":"category-brasil","8":"category-economia","9":"entry","10":"gs-1","11":"gs-odd","12":"gs-even","13":"gs-featured-content-entry"},"jetpack_featured_media_url":"https:\/\/www.redenoticia.com.br\/noticia\/imagens\/secovi-sp.jpg","jetpack_sharing_enabled":true,"jetpack_likes_enabled":true,"_links":{"self":[{"href":"https:\/\/www.redenoticia.com.br\/noticia\/wp-json\/wp\/v2\/posts\/115405","targetHints":{"allow":["GET"]}}],"collection":[{"href":"https:\/\/www.redenoticia.com.br\/noticia\/wp-json\/wp\/v2\/posts"}],"about":[{"href":"https:\/\/www.redenoticia.com.br\/noticia\/wp-json\/wp\/v2\/types\/post"}],"author":[{"embeddable":true,"href":"https:\/\/www.redenoticia.com.br\/noticia\/wp-json\/wp\/v2\/users\/2"}],"replies":[{"embeddable":true,"href":"https:\/\/www.redenoticia.com.br\/noticia\/wp-json\/wp\/v2\/comments?post=115405"}],"version-history":[{"count":0,"href":"https:\/\/www.redenoticia.com.br\/noticia\/wp-json\/wp\/v2\/posts\/115405\/revisions"}],"wp:featuredmedia":[{"embeddable":true,"href":"https:\/\/www.redenoticia.com.br\/noticia\/wp-json\/wp\/v2\/media\/34681"}],"wp:attachment":[{"href":"https:\/\/www.redenoticia.com.br\/noticia\/wp-json\/wp\/v2\/media?parent=115405"}],"wp:term":[{"taxonomy":"category","embeddable":true,"href":"https:\/\/www.redenoticia.com.br\/noticia\/wp-json\/wp\/v2\/categories?post=115405"},{"taxonomy":"post_tag","embeddable":true,"href":"https:\/\/www.redenoticia.com.br\/noticia\/wp-json\/wp\/v2\/tags?post=115405"}],"curies":[{"name":"wp","href":"https:\/\/api.w.org\/{rel}","templated":true}]}}