{"id":115403,"date":"2017-06-19T00:10:32","date_gmt":"2017-06-19T03:10:32","guid":{"rendered":"https:\/\/www.redenoticia.com.br\/noticia\/?p=115403"},"modified":"2017-06-18T19:08:01","modified_gmt":"2017-06-18T22:08:01","slug":"atividade-economica-cresce-028-em-abril","status":"publish","type":"post","link":"https:\/\/www.redenoticia.com.br\/noticia\/2017\/atividade-economica-cresce-028-em-abril\/115403","title":{"rendered":"Atividade econ\u00f4mica cresce 0,28% em abril"},"content":{"rendered":"<p> O <strong><em>\u00cdndice de Atividade Econ\u00f4mica<\/em><\/strong> do Banco Central (IBC-Br) dessazonalizado (ajustado para o per\u00edodo), registrou alta de 0,28% em abril, na compara\u00e7\u00e3o com o m\u00eas de mar\u00e7o. A alta mostra uma retomada da atividade econ\u00f4mica no segundo trimestre j\u00e1 que em mar\u00e7o o \u00edndice dessazonalizado havia apresentado queda de 0,44% em rela\u00e7\u00e3o a fevereiro. Na compara\u00e7\u00e3o entre abril deste ano e o mesmo per\u00edodo de 2016, a alta foi de 0,51%.<\/p>\n<p>O IBC-Br avalia a evolu\u00e7\u00e3o da atividade econ\u00f4mica brasileira e ajuda o Banco Central a tomar suas decis\u00f5es sobre a taxa b\u00e1sica de juros, a Selic.<\/p>\n<p>De acordo com o Banco Central, no acumulado em 12 meses at\u00e9 abril, o IBC-Br dessazonalizado registrou contra\u00e7\u00e3o de 2,66%.<\/p>\n<p>O IBC-Br incorpora informa\u00e7\u00f5es sobre o n\u00edvel de atividade dos tr\u00eas setores da economia: ind\u00fastria, com\u00e9rcio e servi\u00e7os e agropecu\u00e1ria, al\u00e9m do volume de impostos. Mas o indicador oficial sobre o desempenho da economia \u00e9 o Produto Interno Bruto (PIB), &#8211; a soma de todas as riquezas produzidas no pa\u00eds -, calculado pelo Instituto Brasileiro de Geografia e Estat\u00edstica (IBGE).<\/p>\n<p>Yara Aquino<br \/>\nEdi\u00e7\u00e3o: Gra\u00e7a Adjuto<br \/>\n19\/06\/2017<\/p>\n","protected":false},"excerpt":{"rendered":"<p>O \u00cdndice de Atividade Econ\u00f4mica do Banco Central (IBC-Br) dessazonalizado (ajustado para o per\u00edodo), registrou alta de 0,28% em abril, na compara\u00e7\u00e3o com o m\u00eas de mar\u00e7o. A alta mostra uma retomada da atividade econ\u00f4mica no segundo trimestre j\u00e1 que em mar\u00e7o o \u00edndice dessazonalizado havia apresentado queda de 0,44% em rela\u00e7\u00e3o a fevereiro. Na [&hellip;]<\/p>\n","protected":false},"author":2,"featured_media":57583,"comment_status":"open","ping_status":"closed","sticky":false,"template":"","format":"standard","meta":{"_genesis_hide_title":false,"_genesis_hide_breadcrumbs":false,"_genesis_hide_singular_image":false,"_genesis_hide_footer_widgets":false,"_genesis_custom_body_class":"","_genesis_custom_post_class":"","_genesis_layout":"","_jetpack_memberships_contains_paid_content":false,"footnotes":""},"categories":[22,7],"tags":[],"class_list":{"0":"post-115403","1":"post","2":"type-post","3":"status-publish","4":"format-standard","5":"has-post-thumbnail","7":"category-brasil","8":"category-economia","9":"entry","10":"gs-1","11":"gs-odd","12":"gs-even","13":"gs-featured-content-entry"},"jetpack_featured_media_url":"https:\/\/www.redenoticia.com.br\/noticia\/imagens\/economia-grafico.jpg","jetpack_sharing_enabled":true,"jetpack_likes_enabled":true,"_links":{"self":[{"href":"https:\/\/www.redenoticia.com.br\/noticia\/wp-json\/wp\/v2\/posts\/115403","targetHints":{"allow":["GET"]}}],"collection":[{"href":"https:\/\/www.redenoticia.com.br\/noticia\/wp-json\/wp\/v2\/posts"}],"about":[{"href":"https:\/\/www.redenoticia.com.br\/noticia\/wp-json\/wp\/v2\/types\/post"}],"author":[{"embeddable":true,"href":"https:\/\/www.redenoticia.com.br\/noticia\/wp-json\/wp\/v2\/users\/2"}],"replies":[{"embeddable":true,"href":"https:\/\/www.redenoticia.com.br\/noticia\/wp-json\/wp\/v2\/comments?post=115403"}],"version-history":[{"count":0,"href":"https:\/\/www.redenoticia.com.br\/noticia\/wp-json\/wp\/v2\/posts\/115403\/revisions"}],"wp:featuredmedia":[{"embeddable":true,"href":"https:\/\/www.redenoticia.com.br\/noticia\/wp-json\/wp\/v2\/media\/57583"}],"wp:attachment":[{"href":"https:\/\/www.redenoticia.com.br\/noticia\/wp-json\/wp\/v2\/media?parent=115403"}],"wp:term":[{"taxonomy":"category","embeddable":true,"href":"https:\/\/www.redenoticia.com.br\/noticia\/wp-json\/wp\/v2\/categories?post=115403"},{"taxonomy":"post_tag","embeddable":true,"href":"https:\/\/www.redenoticia.com.br\/noticia\/wp-json\/wp\/v2\/tags?post=115403"}],"curies":[{"name":"wp","href":"https:\/\/api.w.org\/{rel}","templated":true}]}}