{"id":115401,"date":"2017-06-19T00:09:23","date_gmt":"2017-06-19T03:09:23","guid":{"rendered":"https:\/\/www.redenoticia.com.br\/noticia\/?p=115401"},"modified":"2017-06-18T19:07:53","modified_gmt":"2017-06-18T22:07:53","slug":"populacao-brasileira-ja-pagou-r-1-trilhao-em-impostos-este-ano","status":"publish","type":"post","link":"https:\/\/www.redenoticia.com.br\/noticia\/2017\/populacao-brasileira-ja-pagou-r-1-trilhao-em-impostos-este-ano\/115401","title":{"rendered":"Popula\u00e7\u00e3o brasileira j\u00e1 pagou R$ 1 trilh\u00e3o em impostos este ano"},"content":{"rendered":"<p> A marca de R$ 1 trilh\u00e3o no painel do Impost\u00f4metro da Associa\u00e7\u00e3o Comercial de S\u00e3o Paulo (ACSP) foi registrada \u00e0s 8h da sexta-feira (16). O valor equivale ao total de impostos, taxas e contribui\u00e7\u00f5es pagos pela popula\u00e7\u00e3o brasileira desde o dia 1\u00ba de janeiro de 2017.<\/p>\n<p>Em 2016, o montante de R$ 1 trilh\u00e3o foi alcan\u00e7ado em 5 de julho. O presidente da entidade, Alencar Burti, explica que a arrecada\u00e7\u00e3o aumenta quando h\u00e1 crescimento econ\u00f4mico e eleva\u00e7\u00e3o de impostos. \u201cJ\u00e1 que nossa economia n\u00e3o est\u00e1 crescendo, essa diferen\u00e7a de 19 dias reflete aumentos e corre\u00e7\u00f5es feitos em impostos e isen\u00e7\u00f5es, al\u00e9m da obten\u00e7\u00e3o de receitas extraordin\u00e1rias como o Refis [parcelamento de d\u00e9bitos tribut\u00e1rios]. Reflete tamb\u00e9m a infla\u00e7\u00e3o, que, apesar de ter ca\u00eddo, segue em patamar alto\u201d, analisa. Para Burti, \u201cno segundo semestre, espera-se eleva\u00e7\u00e3o da arrecada\u00e7\u00e3o em fun\u00e7\u00e3o da melhora da atividade econ\u00f4mica\u201d.<\/p>\n<p>Arrecada\u00e7\u00e3o federal<\/p>\n<p>O presidente da ACSP esclarece que, embora a arrecada\u00e7\u00e3o federal tenha ca\u00eddo em termos reais, \u00e9 o n\u00famero nominal (sem descontar a infla\u00e7\u00e3o), o mesmo medido pelo Impost\u00f4metro, que deve ser analisado. \u201cNosso painel n\u00e3o mede apenas tributos federais. Tamb\u00e9m entram na conta os estaduais e municipais. O que temos que observar s\u00e3o os valores nominais, porque os gastos s\u00e3o todos nominais\u201d.<\/p>\n<p>Ludmilla Souza \u2013 Rep\u00f3rter da Ag\u00eancia Brasil<br \/>\nEdi\u00e7\u00e3o: Gra\u00e7a Adjuto<br \/>\n19\/06\/2017<\/p>\n","protected":false},"excerpt":{"rendered":"<p>A marca de R$ 1 trilh\u00e3o no painel do Impost\u00f4metro da Associa\u00e7\u00e3o Comercial de S\u00e3o Paulo (ACSP) foi registrada \u00e0s 8h da sexta-feira (16). O valor equivale ao total de impostos, taxas e contribui\u00e7\u00f5es pagos pela popula\u00e7\u00e3o brasileira desde o dia 1\u00ba de janeiro de 2017. Em 2016, o montante de R$ 1 trilh\u00e3o foi [&hellip;]<\/p>\n","protected":false},"author":2,"featured_media":40734,"comment_status":"open","ping_status":"closed","sticky":false,"template":"","format":"standard","meta":{"_genesis_hide_title":false,"_genesis_hide_breadcrumbs":false,"_genesis_hide_singular_image":false,"_genesis_hide_footer_widgets":false,"_genesis_custom_body_class":"","_genesis_custom_post_class":"","_genesis_layout":"","_jetpack_memberships_contains_paid_content":false,"footnotes":""},"categories":[22,7],"tags":[],"class_list":{"0":"post-115401","1":"post","2":"type-post","3":"status-publish","4":"format-standard","5":"has-post-thumbnail","7":"category-brasil","8":"category-economia","9":"entry","10":"gs-1","11":"gs-odd","12":"gs-even","13":"gs-featured-content-entry"},"jetpack_featured_media_url":"https:\/\/www.redenoticia.com.br\/noticia\/imagens\/economia-resultados.jpg","jetpack_sharing_enabled":true,"jetpack_likes_enabled":true,"_links":{"self":[{"href":"https:\/\/www.redenoticia.com.br\/noticia\/wp-json\/wp\/v2\/posts\/115401","targetHints":{"allow":["GET"]}}],"collection":[{"href":"https:\/\/www.redenoticia.com.br\/noticia\/wp-json\/wp\/v2\/posts"}],"about":[{"href":"https:\/\/www.redenoticia.com.br\/noticia\/wp-json\/wp\/v2\/types\/post"}],"author":[{"embeddable":true,"href":"https:\/\/www.redenoticia.com.br\/noticia\/wp-json\/wp\/v2\/users\/2"}],"replies":[{"embeddable":true,"href":"https:\/\/www.redenoticia.com.br\/noticia\/wp-json\/wp\/v2\/comments?post=115401"}],"version-history":[{"count":0,"href":"https:\/\/www.redenoticia.com.br\/noticia\/wp-json\/wp\/v2\/posts\/115401\/revisions"}],"wp:featuredmedia":[{"embeddable":true,"href":"https:\/\/www.redenoticia.com.br\/noticia\/wp-json\/wp\/v2\/media\/40734"}],"wp:attachment":[{"href":"https:\/\/www.redenoticia.com.br\/noticia\/wp-json\/wp\/v2\/media?parent=115401"}],"wp:term":[{"taxonomy":"category","embeddable":true,"href":"https:\/\/www.redenoticia.com.br\/noticia\/wp-json\/wp\/v2\/categories?post=115401"},{"taxonomy":"post_tag","embeddable":true,"href":"https:\/\/www.redenoticia.com.br\/noticia\/wp-json\/wp\/v2\/tags?post=115401"}],"curies":[{"name":"wp","href":"https:\/\/api.w.org\/{rel}","templated":true}]}}