{"id":115282,"date":"2017-06-16T00:11:35","date_gmt":"2017-06-16T03:11:35","guid":{"rendered":"https:\/\/www.redenoticia.com.br\/noticia\/?p=115282"},"modified":"2017-06-15T20:12:54","modified_gmt":"2017-06-15T23:12:54","slug":"inflacao-medida-pelo-igp-10-cai-em-junho-pela-terceira-vez-seguida","status":"publish","type":"post","link":"https:\/\/www.redenoticia.com.br\/noticia\/2017\/inflacao-medida-pelo-igp-10-cai-em-junho-pela-terceira-vez-seguida\/115282","title":{"rendered":"Infla\u00e7\u00e3o medida pelo IGP-10 cai em junho pela terceira vez seguida"},"content":{"rendered":"<p> O <strong><em>\u00cdndice Geral de Pre\u00e7os<\/em><\/strong> \u2013 10 (IGP-10) registrou defla\u00e7\u00e3o (queda de pre\u00e7os) de 0,62% neste m\u00eas de junho. Essa \u00e9 a terceira taxa de defla\u00e7\u00e3o mensal consecutiva registrada pelo indicador, que teve quedas de pre\u00e7os de 0,76% em abril e de 1,10% em maio. O \u00edndice, medido pela Funda\u00e7\u00e3o Getulio Vargas (FGV), acumula defla\u00e7\u00e3o de 1,43% no ano e infla\u00e7\u00e3o de 0,08% em 12 meses.<\/p>\n<p>Dois dos tr\u00eas sub\u00edndices que comp\u00f5em o IGP-10 tiveram taxas maiores em junho do que em maio. Apesar de continuar registrando defla\u00e7\u00e3o, o \u00cdndice de Pre\u00e7os ao Produtor, que analisa o atacado, subiu de -1,74% em maio para -1,17% em junho.<\/p>\n<p>O \u00cdndice Nacional de Custo da Constru\u00e7\u00e3o passou de uma defla\u00e7\u00e3o de 0,02% em maio para uma infla\u00e7\u00e3o de 0,92% em junho. O \u00cdndice de Pre\u00e7os ao Consumidor, que analisa o varejo, manteve a mesma taxa nos dois meses (0,21%).<\/p>\n<p>Vitor Abdala \u2013 Rep\u00f3rter da Ag\u00eancia Brasil<br \/>\nEdi\u00e7\u00e3o: Gra\u00e7a Adjunto<br \/>\n16\/06\/2017<br \/>\n&#8212;<\/p>\n<p>Criada em 2007 para fortalecer o sistema p\u00fablico de comunica\u00e7\u00e3o, a EBC \u00e9 gestora da TV Brasil, TV Brasil Internacional, Ag\u00eancia Brasil, Radioag\u00eancia Nacional e do sistema p\u00fablico de R\u00e1dio, composto por oito emissoras: R\u00e1dio Nacional AM do Rio de Janeiro (1.130 KHz), R\u00e1dio Nacional AM de Bras\u00edlia (980 KHz), Nacional FM de Bras\u00edlia (96,1 MHz), R\u00e1dio MEC AM do Rio de Janeiro (800 KHz), MEC FM do Rio de Janeiro (99,3 MHz), R\u00e1dio Nacional da Amaz\u00f4nia OC (11.780 KHz e 6.180 KHz), R\u00e1dio Nacional AM do Alto Solim\u00f5es (670 KHz) e R\u00e1dio Nacional FM do Alto Solim\u00f5es (96.1 MHz). Por sua independ\u00eancia editorial, os ve\u00edculos p\u00fablicos distinguem-se dos canais estatais ou governamentais. A rede de emissoras produz conte\u00fados diferenciados que a singulariza por espelhar de maneira mais fidedigna a complexidade cultural brasileira, ocupando um espa\u00e7o complementar, n\u00e3o preenchido pelos canais privados.<\/p>\n","protected":false},"excerpt":{"rendered":"<p>O \u00cdndice Geral de Pre\u00e7os \u2013 10 (IGP-10) registrou defla\u00e7\u00e3o (queda de pre\u00e7os) de 0,62% neste m\u00eas de junho. Essa \u00e9 a terceira taxa de defla\u00e7\u00e3o mensal consecutiva registrada pelo indicador, que teve quedas de pre\u00e7os de 0,76% em abril e de 1,10% em maio. O \u00edndice, medido pela Funda\u00e7\u00e3o Getulio Vargas (FGV), acumula defla\u00e7\u00e3o [&hellip;]<\/p>\n","protected":false},"author":2,"featured_media":57584,"comment_status":"open","ping_status":"closed","sticky":false,"template":"","format":"standard","meta":{"_genesis_hide_title":false,"_genesis_hide_breadcrumbs":false,"_genesis_hide_singular_image":false,"_genesis_hide_footer_widgets":false,"_genesis_custom_body_class":"","_genesis_custom_post_class":"","_genesis_layout":"","_jetpack_memberships_contains_paid_content":false,"footnotes":""},"categories":[22,7],"tags":[],"class_list":{"0":"post-115282","1":"post","2":"type-post","3":"status-publish","4":"format-standard","5":"has-post-thumbnail","7":"category-brasil","8":"category-economia","9":"entry","10":"gs-1","11":"gs-odd","12":"gs-even","13":"gs-featured-content-entry"},"jetpack_featured_media_url":"https:\/\/www.redenoticia.com.br\/noticia\/imagens\/economia-grafica-analise-inflacao.jpg","jetpack_sharing_enabled":true,"jetpack_likes_enabled":true,"_links":{"self":[{"href":"https:\/\/www.redenoticia.com.br\/noticia\/wp-json\/wp\/v2\/posts\/115282","targetHints":{"allow":["GET"]}}],"collection":[{"href":"https:\/\/www.redenoticia.com.br\/noticia\/wp-json\/wp\/v2\/posts"}],"about":[{"href":"https:\/\/www.redenoticia.com.br\/noticia\/wp-json\/wp\/v2\/types\/post"}],"author":[{"embeddable":true,"href":"https:\/\/www.redenoticia.com.br\/noticia\/wp-json\/wp\/v2\/users\/2"}],"replies":[{"embeddable":true,"href":"https:\/\/www.redenoticia.com.br\/noticia\/wp-json\/wp\/v2\/comments?post=115282"}],"version-history":[{"count":0,"href":"https:\/\/www.redenoticia.com.br\/noticia\/wp-json\/wp\/v2\/posts\/115282\/revisions"}],"wp:featuredmedia":[{"embeddable":true,"href":"https:\/\/www.redenoticia.com.br\/noticia\/wp-json\/wp\/v2\/media\/57584"}],"wp:attachment":[{"href":"https:\/\/www.redenoticia.com.br\/noticia\/wp-json\/wp\/v2\/media?parent=115282"}],"wp:term":[{"taxonomy":"category","embeddable":true,"href":"https:\/\/www.redenoticia.com.br\/noticia\/wp-json\/wp\/v2\/categories?post=115282"},{"taxonomy":"post_tag","embeddable":true,"href":"https:\/\/www.redenoticia.com.br\/noticia\/wp-json\/wp\/v2\/tags?post=115282"}],"curies":[{"name":"wp","href":"https:\/\/api.w.org\/{rel}","templated":true}]}}