{"id":115280,"date":"2017-06-16T00:10:35","date_gmt":"2017-06-16T03:10:35","guid":{"rendered":"https:\/\/www.redenoticia.com.br\/noticia\/?p=115280"},"modified":"2017-06-15T20:10:24","modified_gmt":"2017-06-15T23:10:24","slug":"abate-de-frangos-e-suinos-cresce-e-de-bovinos-diminui-no-1o-trimestre","status":"publish","type":"post","link":"https:\/\/www.redenoticia.com.br\/noticia\/2017\/abate-de-frangos-e-suinos-cresce-e-de-bovinos-diminui-no-1o-trimestre\/115280","title":{"rendered":"Abate de frangos e su\u00ednos cresce e de bovinos diminui no 1\u00ba trimestre"},"content":{"rendered":"<p> O primeiro trimestre deste ano registrou crescimento nos abates de frangos e su\u00ednos e queda no de bovinos, se comparado com o trimestre anterior. Os dados foram divulgados na Pesquisa Trimestral de <strong><em>Abate de Animais<\/em><\/strong> e Aquisi\u00e7\u00e3o de Leite, Couro e Produ\u00e7\u00e3o de Ovos, do Instituto Brasileiro de Geografia e Estat\u00edstica (IBGE).<\/p>\n<p>No 1\u00ba trimeste de 2017, foram abatidas 1,48 bilh\u00e3o de cabe\u00e7as de frango, resultado 5,1% acima do registrado no 4\u00ba trimestre do ano passado. J\u00e1 na compara\u00e7\u00e3o com o mesmo trimestre do ano anterior, o aumento foi de 0,3%.<\/p>\n<p>Em rela\u00e7\u00e3o ao abate de su\u00ednos, os dados do IBGE indicam queda de 3,2% no primeiro trimestre deste ano. Na compara\u00e7\u00e3o anual, houve um crescimento de 2,6% no primeiro trimestre do ano, se comparado com o ano passado.<\/p>\n<p>O abate de 10,46 milh\u00f5es de cabe\u00e7as de su\u00ednos foi o melhor resultado entre os primeiros trimestres desde que se iniciou a Pesquisa em 1997. Foram 269,64 mil cabe\u00e7as de su\u00ednos a mais no 1\u00ba trimestre de 2017, em rela\u00e7\u00e3o a igual per\u00edodo do ano anterior, com crescimento em 12 das 25 unidades da federa\u00e7\u00e3o participantes da pesquisa.<\/p>\n<p>Em rela\u00e7\u00e3o aos bovinos, foram abatidas 7,37 milh\u00f5es de cabe\u00e7as, resultado 0,7% superior ao primeiro trimestre do ano passado, mas 0,5% menor do que o n\u00famero de cabe\u00e7as abatidas no trimestre anterior. O abate de 49,62 mil cabe\u00e7as de bovinos a mais em um ano foi impulsionado por aumentos em 11 das 27 unidades da federa\u00e7\u00e3o, com crescimento maior em Goi\u00e1s (mais 97,26 mil cabe\u00e7as abatidas).<\/p>\n<p>Nielmar de Oliveira &#8211; Rep\u00f3rter da Ag\u00eancia Brasil<br \/>\nEdi\u00e7\u00e3o: Lidia Neves<br \/>\n16\/06\/2017<\/p>\n","protected":false},"excerpt":{"rendered":"<p>O primeiro trimestre deste ano registrou crescimento nos abates de frangos e su\u00ednos e queda no de bovinos, se comparado com o trimestre anterior. Os dados foram divulgados na Pesquisa Trimestral de Abate de Animais e Aquisi\u00e7\u00e3o de Leite, Couro e Produ\u00e7\u00e3o de Ovos, do Instituto Brasileiro de Geografia e Estat\u00edstica (IBGE). No 1\u00ba trimeste [&hellip;]<\/p>\n","protected":false},"author":2,"featured_media":57585,"comment_status":"open","ping_status":"closed","sticky":false,"template":"","format":"standard","meta":{"_genesis_hide_title":false,"_genesis_hide_breadcrumbs":false,"_genesis_hide_singular_image":false,"_genesis_hide_footer_widgets":false,"_genesis_custom_body_class":"","_genesis_custom_post_class":"","_genesis_layout":"","_jetpack_memberships_contains_paid_content":false,"footnotes":""},"categories":[22,7],"tags":[],"class_list":{"0":"post-115280","1":"post","2":"type-post","3":"status-publish","4":"format-standard","5":"has-post-thumbnail","7":"category-brasil","8":"category-economia","9":"entry","10":"gs-1","11":"gs-odd","12":"gs-even","13":"gs-featured-content-entry"},"jetpack_featured_media_url":"https:\/\/www.redenoticia.com.br\/noticia\/imagens\/analise-economia.jpg","jetpack_sharing_enabled":true,"jetpack_likes_enabled":true,"_links":{"self":[{"href":"https:\/\/www.redenoticia.com.br\/noticia\/wp-json\/wp\/v2\/posts\/115280","targetHints":{"allow":["GET"]}}],"collection":[{"href":"https:\/\/www.redenoticia.com.br\/noticia\/wp-json\/wp\/v2\/posts"}],"about":[{"href":"https:\/\/www.redenoticia.com.br\/noticia\/wp-json\/wp\/v2\/types\/post"}],"author":[{"embeddable":true,"href":"https:\/\/www.redenoticia.com.br\/noticia\/wp-json\/wp\/v2\/users\/2"}],"replies":[{"embeddable":true,"href":"https:\/\/www.redenoticia.com.br\/noticia\/wp-json\/wp\/v2\/comments?post=115280"}],"version-history":[{"count":0,"href":"https:\/\/www.redenoticia.com.br\/noticia\/wp-json\/wp\/v2\/posts\/115280\/revisions"}],"wp:featuredmedia":[{"embeddable":true,"href":"https:\/\/www.redenoticia.com.br\/noticia\/wp-json\/wp\/v2\/media\/57585"}],"wp:attachment":[{"href":"https:\/\/www.redenoticia.com.br\/noticia\/wp-json\/wp\/v2\/media?parent=115280"}],"wp:term":[{"taxonomy":"category","embeddable":true,"href":"https:\/\/www.redenoticia.com.br\/noticia\/wp-json\/wp\/v2\/categories?post=115280"},{"taxonomy":"post_tag","embeddable":true,"href":"https:\/\/www.redenoticia.com.br\/noticia\/wp-json\/wp\/v2\/tags?post=115280"}],"curies":[{"name":"wp","href":"https:\/\/api.w.org\/{rel}","templated":true}]}}