{"id":115277,"date":"2017-06-16T00:09:29","date_gmt":"2017-06-16T03:09:29","guid":{"rendered":"https:\/\/www.redenoticia.com.br\/noticia\/?p=115277"},"modified":"2017-06-15T20:08:30","modified_gmt":"2017-06-15T23:08:30","slug":"anp-leiloa-760-milhoes-de-litros-de-biodiesel-para-garantir-mistura-obrigatoria","status":"publish","type":"post","link":"https:\/\/www.redenoticia.com.br\/noticia\/2017\/anp-leiloa-760-milhoes-de-litros-de-biodiesel-para-garantir-mistura-obrigatoria\/115277","title":{"rendered":"ANP leiloa 760 milh\u00f5es de litros de biodiesel para garantir mistura obrigat\u00f3ria"},"content":{"rendered":"<p> A Ag\u00eancia Nacional do Petr\u00f3leo, G\u00e1s Natural e Biodiesel (ANP) vendeu 760,3 milh\u00f5es de litros de <strong><em>biodiesel<\/em><\/strong> em leil\u00e3o. O biodiesel destina-se a garantir o percentual m\u00ednimo obrigat\u00f3rio de 8% de adi\u00e7\u00e3o ao \u00f3leo diesel (chamado B8) vendido ao consumidor final, a partir de mar\u00e7o deste ano. As informa\u00e7\u00f5es foram divulgadas pela ANP.<\/p>\n<p>No 55\u00ba Leil\u00e3o de Biodiesel da ANP, 99,95% do total s\u00e3o de produtores detentores do selo Combust\u00edvel Social. O pre\u00e7o m\u00e9dio foi de R$ 2,255 por litro, sem considerar a margem Petrobras, e o valor total negociado atingiu o patamar de R$ 1,71 bilh\u00e3o, refletindo em um des\u00e1gio m\u00e9dio de 79,8% quando comparado com o pre\u00e7o m\u00e1ximo de refer\u00eancia m\u00e9dio (R$ 2,827 por litro).<\/p>\n<p>O leil\u00e3o visa garantir o abastecimento de biodiesel no mercado nacional durante o per\u00edodo de 1\u00ba de julho a 31 de agosto de 2017. O biodiesel \u00e9 obtido de fontes renov\u00e1veis, de origem vegetal, como soja, algod\u00e3o e mamona, ou gordura animal. Mais informa\u00e7\u00f5es sobre o processo podem ser encontradas na p\u00e1gina da ANP na internet ().<\/p>\n<p>Vladimir Platonow &#8211; Rep\u00f3rter da Ag\u00eancia Brasil<br \/>\nEdi\u00e7\u00e3o: Davi Oliveira<br \/>\n16\/06\/2017<br \/>\n&#8212;<\/p>\n<p>Criada em 2007 para fortalecer o sistema p\u00fablico de comunica\u00e7\u00e3o, a EBC \u00e9 gestora da TV Brasil, TV Brasil Internacional, Ag\u00eancia Brasil, Radioag\u00eancia Nacional e do sistema p\u00fablico de R\u00e1dio, composto por oito emissoras: R\u00e1dio Nacional AM do Rio de Janeiro (1.130 KHz), R\u00e1dio Nacional AM de Bras\u00edlia (980 KHz), Nacional FM de Bras\u00edlia (96,1 MHz), R\u00e1dio MEC AM do Rio de Janeiro (800 KHz), MEC FM do Rio de Janeiro (99,3 MHz), R\u00e1dio Nacional da Amaz\u00f4nia OC (11.780 KHz e 6.180 KHz), R\u00e1dio Nacional AM do Alto Solim\u00f5es (670 KHz) e R\u00e1dio Nacional FM do Alto Solim\u00f5es (96.1 MHz). Por sua independ\u00eancia editorial, os ve\u00edculos p\u00fablicos distinguem-se dos canais estatais ou governamentais. A rede de emissoras produz conte\u00fados diferenciados que a singulariza por espelhar de maneira mais fidedigna a complexidade cultural brasileira, ocupando um espa\u00e7o complementar, n\u00e3o preenchido pelos canais privados.<\/p>\n","protected":false},"excerpt":{"rendered":"<p>A Ag\u00eancia Nacional do Petr\u00f3leo, G\u00e1s Natural e Biodiesel (ANP) vendeu 760,3 milh\u00f5es de litros de biodiesel em leil\u00e3o. O biodiesel destina-se a garantir o percentual m\u00ednimo obrigat\u00f3rio de 8% de adi\u00e7\u00e3o ao \u00f3leo diesel (chamado B8) vendido ao consumidor final, a partir de mar\u00e7o deste ano. As informa\u00e7\u00f5es foram divulgadas pela ANP. No 55\u00ba [&hellip;]<\/p>\n","protected":false},"author":2,"featured_media":34985,"comment_status":"open","ping_status":"closed","sticky":false,"template":"","format":"standard","meta":{"_genesis_hide_title":false,"_genesis_hide_breadcrumbs":false,"_genesis_hide_singular_image":false,"_genesis_hide_footer_widgets":false,"_genesis_custom_body_class":"","_genesis_custom_post_class":"","_genesis_layout":"","_jetpack_memberships_contains_paid_content":false,"footnotes":""},"categories":[22,7],"tags":[],"class_list":{"0":"post-115277","1":"post","2":"type-post","3":"status-publish","4":"format-standard","5":"has-post-thumbnail","7":"category-brasil","8":"category-economia","9":"entry","10":"gs-1","11":"gs-odd","12":"gs-even","13":"gs-featured-content-entry"},"jetpack_featured_media_url":"https:\/\/www.redenoticia.com.br\/noticia\/imagens\/combustivel.jpg","jetpack_sharing_enabled":true,"jetpack_likes_enabled":true,"_links":{"self":[{"href":"https:\/\/www.redenoticia.com.br\/noticia\/wp-json\/wp\/v2\/posts\/115277","targetHints":{"allow":["GET"]}}],"collection":[{"href":"https:\/\/www.redenoticia.com.br\/noticia\/wp-json\/wp\/v2\/posts"}],"about":[{"href":"https:\/\/www.redenoticia.com.br\/noticia\/wp-json\/wp\/v2\/types\/post"}],"author":[{"embeddable":true,"href":"https:\/\/www.redenoticia.com.br\/noticia\/wp-json\/wp\/v2\/users\/2"}],"replies":[{"embeddable":true,"href":"https:\/\/www.redenoticia.com.br\/noticia\/wp-json\/wp\/v2\/comments?post=115277"}],"version-history":[{"count":0,"href":"https:\/\/www.redenoticia.com.br\/noticia\/wp-json\/wp\/v2\/posts\/115277\/revisions"}],"wp:featuredmedia":[{"embeddable":true,"href":"https:\/\/www.redenoticia.com.br\/noticia\/wp-json\/wp\/v2\/media\/34985"}],"wp:attachment":[{"href":"https:\/\/www.redenoticia.com.br\/noticia\/wp-json\/wp\/v2\/media?parent=115277"}],"wp:term":[{"taxonomy":"category","embeddable":true,"href":"https:\/\/www.redenoticia.com.br\/noticia\/wp-json\/wp\/v2\/categories?post=115277"},{"taxonomy":"post_tag","embeddable":true,"href":"https:\/\/www.redenoticia.com.br\/noticia\/wp-json\/wp\/v2\/tags?post=115277"}],"curies":[{"name":"wp","href":"https:\/\/api.w.org\/{rel}","templated":true}]}}