{"id":115138,"date":"2017-06-14T00:10:45","date_gmt":"2017-06-14T03:10:45","guid":{"rendered":"https:\/\/www.redenoticia.com.br\/noticia\/?p=115138"},"modified":"2017-06-13T18:42:15","modified_gmt":"2017-06-13T21:42:15","slug":"mercado-reduz-para-r-142051-bi-projecao-para-o-deficit-primario","status":"publish","type":"post","link":"https:\/\/www.redenoticia.com.br\/noticia\/2017\/mercado-reduz-para-r-142051-bi-projecao-para-o-deficit-primario\/115138","title":{"rendered":"Mercado reduz para R$ 142,051 bi proje\u00e7\u00e3o para o d\u00e9ficit prim\u00e1rio"},"content":{"rendered":"<p> Institui\u00e7\u00f5es financeiras consultadas pelo Minist\u00e9rio da Fazenda projetam que o <strong><em>d\u00e9ficit prim\u00e1rio<\/em><\/strong> do Governo Central, formado por Tesouro Nacional, Previd\u00eancia Social e Banco Central, deve chegar a R$ 142,051 bilh\u00f5es neste ano. A estimativa \u00e9 melhor do que a divulgada em maio (R$ 148,036 bilh\u00f5es), mas supera a meta de d\u00e9ficit perseguida pelo governo (R$ 139 bilh\u00f5es).<\/p>\n<p>A estimativa consta da pesquisa Prisma Fiscal, elaborada pela Secretaria de Pol\u00edtica Econ\u00f4mica do Minist\u00e9rio da Fazenda, com base em proje\u00e7\u00f5es do mercado financeiro.<\/p>\n<p>Para 2018, a estimativa do mercado financeiro \u00e9 de d\u00e9ficit de R$ 127,446 bilh\u00f5es contra R$ 125,124 bilh\u00f5es previstos em maio.<\/p>\n<p>A proje\u00e7\u00e3o da arrecada\u00e7\u00e3o das receitas federais este ano subiu de R$ 1,341 trilh\u00e3o para R$ 1,345 trilh\u00e3o. Para 2018, a estimativa \u00e9 de R$ 1,451 trilh\u00e3o, ante R$ 1,442 trilh\u00e3o previsto anteriormente.<\/p>\n<p>Para a receita l\u00edquida do Governo Central a estimativa para este ano \u00e9 R$ 1,144 trilh\u00e3o, mesma proje\u00e7\u00e3o do m\u00eas passado. No caso da despesa total do Governo Central, a proje\u00e7\u00e3o passou de R$ 1,294 trilh\u00e3o para R$ 1,290 trilh\u00e3o.<\/p>\n<p>A pesquisa apresenta tamb\u00e9m a proje\u00e7\u00e3o para a d\u00edvida bruta do Governo Central, que, na avalia\u00e7\u00e3o das institui\u00e7\u00f5es financeiras, deve ficar em 75,47% do Produto Interno Bruto (PIB \u2013 a soma de todas as riquezas produzidas pelo pa\u00eds).<\/p>\n<p>A previs\u00e3o anterior era 75,44% do PIB. Para 2018, a estimativa ficou em 78,60% do PIB, ante 78,50% previstos no m\u00eas passado.<\/p>\n<p>Kelly Oliveira &#8211; Rep\u00f3rter da Ag\u00eancia Brasil<br \/>\nEdi\u00e7\u00e3o: Kleber Sampaio<br \/>\n14\/06\/2017<\/p>\n","protected":false},"excerpt":{"rendered":"<p>Institui\u00e7\u00f5es financeiras consultadas pelo Minist\u00e9rio da Fazenda projetam que o d\u00e9ficit prim\u00e1rio do Governo Central, formado por Tesouro Nacional, Previd\u00eancia Social e Banco Central, deve chegar a R$ 142,051 bilh\u00f5es neste ano. A estimativa \u00e9 melhor do que a divulgada em maio (R$ 148,036 bilh\u00f5es), mas supera a meta de d\u00e9ficit perseguida pelo governo (R$ [&hellip;]<\/p>\n","protected":false},"author":2,"featured_media":40734,"comment_status":"open","ping_status":"closed","sticky":false,"template":"","format":"standard","meta":{"_genesis_hide_title":false,"_genesis_hide_breadcrumbs":false,"_genesis_hide_singular_image":false,"_genesis_hide_footer_widgets":false,"_genesis_custom_body_class":"","_genesis_custom_post_class":"","_genesis_layout":"","_jetpack_memberships_contains_paid_content":false,"footnotes":""},"categories":[22,7],"tags":[],"class_list":{"0":"post-115138","1":"post","2":"type-post","3":"status-publish","4":"format-standard","5":"has-post-thumbnail","7":"category-brasil","8":"category-economia","9":"entry","10":"gs-1","11":"gs-odd","12":"gs-even","13":"gs-featured-content-entry"},"jetpack_featured_media_url":"https:\/\/www.redenoticia.com.br\/noticia\/imagens\/economia-resultados.jpg","jetpack_sharing_enabled":true,"jetpack_likes_enabled":true,"_links":{"self":[{"href":"https:\/\/www.redenoticia.com.br\/noticia\/wp-json\/wp\/v2\/posts\/115138","targetHints":{"allow":["GET"]}}],"collection":[{"href":"https:\/\/www.redenoticia.com.br\/noticia\/wp-json\/wp\/v2\/posts"}],"about":[{"href":"https:\/\/www.redenoticia.com.br\/noticia\/wp-json\/wp\/v2\/types\/post"}],"author":[{"embeddable":true,"href":"https:\/\/www.redenoticia.com.br\/noticia\/wp-json\/wp\/v2\/users\/2"}],"replies":[{"embeddable":true,"href":"https:\/\/www.redenoticia.com.br\/noticia\/wp-json\/wp\/v2\/comments?post=115138"}],"version-history":[{"count":0,"href":"https:\/\/www.redenoticia.com.br\/noticia\/wp-json\/wp\/v2\/posts\/115138\/revisions"}],"wp:featuredmedia":[{"embeddable":true,"href":"https:\/\/www.redenoticia.com.br\/noticia\/wp-json\/wp\/v2\/media\/40734"}],"wp:attachment":[{"href":"https:\/\/www.redenoticia.com.br\/noticia\/wp-json\/wp\/v2\/media?parent=115138"}],"wp:term":[{"taxonomy":"category","embeddable":true,"href":"https:\/\/www.redenoticia.com.br\/noticia\/wp-json\/wp\/v2\/categories?post=115138"},{"taxonomy":"post_tag","embeddable":true,"href":"https:\/\/www.redenoticia.com.br\/noticia\/wp-json\/wp\/v2\/tags?post=115138"}],"curies":[{"name":"wp","href":"https:\/\/api.w.org\/{rel}","templated":true}]}}