{"id":115136,"date":"2017-06-14T00:09:43","date_gmt":"2017-06-14T03:09:43","guid":{"rendered":"https:\/\/www.redenoticia.com.br\/noticia\/?p=115136"},"modified":"2017-06-13T18:40:38","modified_gmt":"2017-06-13T21:40:38","slug":"vendas-para-o-dia-dos-namorados-caem-961-mostra-pesquisa-do-spc","status":"publish","type":"post","link":"https:\/\/www.redenoticia.com.br\/noticia\/2017\/vendas-para-o-dia-dos-namorados-caem-961-mostra-pesquisa-do-spc\/115136","title":{"rendered":"Vendas para o Dia dos Namorados caem 9,61%, mostra pesquisa do SPC"},"content":{"rendered":"<p> As <strong><em>vendas para o Dia dos Namorados<\/em><\/strong> ca\u00edram 9,61% este ano em compara\u00e7\u00e3o com o resultado do com\u00e9rcio para a data em 2016, segundo balan\u00e7o divulgado pelo Servi\u00e7o de Prote\u00e7\u00e3o ao Cr\u00e9dito (SPC Brasil) e da Confedera\u00e7\u00e3o Nacional de Dirigentes Lojistas (CNDL).<\/p>\n<p> Segundo o SPC, as vendas para a data t\u00eam perdido for\u00e7as nos \u00faltimos anos. Em 2016, a queda foi de 15,23%; em 2015, havia sido de 7,82%, e em 2014, de 8,63%. O \u00faltimo resultado positivo foi em 2013, quando as vendas cresceram 7,72%.<\/p>\n<p>Segundo a economista-chefe do SPC, Marcela Kawauti, a queda mostra que o varejo ainda n\u00e3o se recuperou dos efeitos da crise.<\/p>\n<p>\u201cEmbora os juros estejam diminuindo e a infla\u00e7\u00e3o em patamar abaixo da meta, o com\u00e9rcio s\u00f3 dever\u00e1 sentir os efeitos positivos do fim da recess\u00e3o quando a recupera\u00e7\u00e3o econ\u00f4mica se refletir em aumento da renda e da empregabilidade, fato que ainda n\u00e3o aconteceu\u201d, destacou.<\/p>\n<p>O levantamento foi feito a partir das consultas ao banco de dados do SPC entre os dias 5 e 11 de junho.<\/p>\n<p>Daniel Mello &#8211; Rep\u00f3rter da Ag\u00eancia Brasil<br \/>\nEdi\u00e7\u00e3o: Luana Louren\u00e7o<br \/>\n14\/06\/2017<\/p>\n","protected":false},"excerpt":{"rendered":"<p>As vendas para o Dia dos Namorados ca\u00edram 9,61% este ano em compara\u00e7\u00e3o com o resultado do com\u00e9rcio para a data em 2016, segundo balan\u00e7o divulgado pelo Servi\u00e7o de Prote\u00e7\u00e3o ao Cr\u00e9dito (SPC Brasil) e da Confedera\u00e7\u00e3o Nacional de Dirigentes Lojistas (CNDL). Segundo o SPC, as vendas para a data t\u00eam perdido for\u00e7as nos \u00faltimos [&hellip;]<\/p>\n","protected":false},"author":2,"featured_media":57585,"comment_status":"open","ping_status":"closed","sticky":false,"template":"","format":"standard","meta":{"_genesis_hide_title":false,"_genesis_hide_breadcrumbs":false,"_genesis_hide_singular_image":false,"_genesis_hide_footer_widgets":false,"_genesis_custom_body_class":"","_genesis_custom_post_class":"","_genesis_layout":"","_jetpack_memberships_contains_paid_content":false,"footnotes":""},"categories":[22,7],"tags":[],"class_list":{"0":"post-115136","1":"post","2":"type-post","3":"status-publish","4":"format-standard","5":"has-post-thumbnail","7":"category-brasil","8":"category-economia","9":"entry","10":"gs-1","11":"gs-odd","12":"gs-even","13":"gs-featured-content-entry"},"jetpack_featured_media_url":"https:\/\/www.redenoticia.com.br\/noticia\/imagens\/analise-economia.jpg","jetpack_sharing_enabled":true,"jetpack_likes_enabled":true,"_links":{"self":[{"href":"https:\/\/www.redenoticia.com.br\/noticia\/wp-json\/wp\/v2\/posts\/115136","targetHints":{"allow":["GET"]}}],"collection":[{"href":"https:\/\/www.redenoticia.com.br\/noticia\/wp-json\/wp\/v2\/posts"}],"about":[{"href":"https:\/\/www.redenoticia.com.br\/noticia\/wp-json\/wp\/v2\/types\/post"}],"author":[{"embeddable":true,"href":"https:\/\/www.redenoticia.com.br\/noticia\/wp-json\/wp\/v2\/users\/2"}],"replies":[{"embeddable":true,"href":"https:\/\/www.redenoticia.com.br\/noticia\/wp-json\/wp\/v2\/comments?post=115136"}],"version-history":[{"count":0,"href":"https:\/\/www.redenoticia.com.br\/noticia\/wp-json\/wp\/v2\/posts\/115136\/revisions"}],"wp:featuredmedia":[{"embeddable":true,"href":"https:\/\/www.redenoticia.com.br\/noticia\/wp-json\/wp\/v2\/media\/57585"}],"wp:attachment":[{"href":"https:\/\/www.redenoticia.com.br\/noticia\/wp-json\/wp\/v2\/media?parent=115136"}],"wp:term":[{"taxonomy":"category","embeddable":true,"href":"https:\/\/www.redenoticia.com.br\/noticia\/wp-json\/wp\/v2\/categories?post=115136"},{"taxonomy":"post_tag","embeddable":true,"href":"https:\/\/www.redenoticia.com.br\/noticia\/wp-json\/wp\/v2\/tags?post=115136"}],"curies":[{"name":"wp","href":"https:\/\/api.w.org\/{rel}","templated":true}]}}