{"id":114753,"date":"2017-06-08T00:10:52","date_gmt":"2017-06-08T03:10:52","guid":{"rendered":"https:\/\/www.redenoticia.com.br\/noticia\/?p=114753"},"modified":"2017-06-07T15:44:12","modified_gmt":"2017-06-07T18:44:12","slug":"igp-di-tem-deflacao-em-maio-e-acumula-queda-de-precos-de-163-no-ano","status":"publish","type":"post","link":"https:\/\/www.redenoticia.com.br\/noticia\/2017\/igp-di-tem-deflacao-em-maio-e-acumula-queda-de-precos-de-163-no-ano\/114753","title":{"rendered":"IGP-DI tem defla\u00e7\u00e3o em maio e acumula queda de pre\u00e7os de 1,63% no ano"},"content":{"rendered":"<p> O <strong><em>\u00cdndice Geral de Pre\u00e7os \u2013 Disponibilidade Interna<\/em><\/strong> (IGP-DI) registrou defla\u00e7\u00e3o (queda de pre\u00e7os) de 0,51% em maio. Em abril, houve defla\u00e7\u00e3o de 1,24%. Segundo a Funda\u00e7\u00e3o Getulio Vargas (FGV), o IGP-DI acumula queda de pre\u00e7os de 1,63% no ano. Em 12 meses, a infla\u00e7\u00e3o \u00e9 de 1,07%. Os n\u00fameros foram anunciados no Rio de Janeiro, pela FGV.<\/p>\n<p>A queda de pre\u00e7os pelo IGP-DI em maio foi provocada pelos pre\u00e7os no atacado, medidos pelo \u00cdndice de Pre\u00e7os ao Consumidor Amplo, que acusaram defla\u00e7\u00e3o de 1,10%. Em abril, a defla\u00e7\u00e3o havia sido de 1,96%.<\/p>\n<p>Os pre\u00e7os no varejo, medidos pelo \u00cdndice de Pre\u00e7os ao Consumidor, tiveram aumento de 0,52% em maio, uma taxa maior que a infla\u00e7\u00e3o de 0,12% em abril. O \u00cdndice Nacional de Custo da Constru\u00e7\u00e3o tamb\u00e9m registrou infla\u00e7\u00e3o em maio: 0,63%. Em abril, tinha sido anotada defla\u00e7\u00e3o de 0,02%. O IGP-DI de maio foi calculado com base em pre\u00e7os coletados entre os dias 1\u00ba e 31 do m\u00eas.<\/p>\n<p>Vitor Abdala &#8211; Rep\u00f3rter da Ag\u00eancia Brasil<br \/>\nEdi\u00e7\u00e3o: Kleber Sampaio<br \/>\n08\/06\/2017<\/p>\n","protected":false},"excerpt":{"rendered":"<p>O \u00cdndice Geral de Pre\u00e7os \u2013 Disponibilidade Interna (IGP-DI) registrou defla\u00e7\u00e3o (queda de pre\u00e7os) de 0,51% em maio. Em abril, houve defla\u00e7\u00e3o de 1,24%. Segundo a Funda\u00e7\u00e3o Getulio Vargas (FGV), o IGP-DI acumula queda de pre\u00e7os de 1,63% no ano. Em 12 meses, a infla\u00e7\u00e3o \u00e9 de 1,07%. Os n\u00fameros foram anunciados no Rio de [&hellip;]<\/p>\n","protected":false},"author":2,"featured_media":57584,"comment_status":"open","ping_status":"closed","sticky":false,"template":"","format":"standard","meta":{"_genesis_hide_title":false,"_genesis_hide_breadcrumbs":false,"_genesis_hide_singular_image":false,"_genesis_hide_footer_widgets":false,"_genesis_custom_body_class":"","_genesis_custom_post_class":"","_genesis_layout":"","_jetpack_memberships_contains_paid_content":false,"footnotes":""},"categories":[22,7],"tags":[],"class_list":{"0":"post-114753","1":"post","2":"type-post","3":"status-publish","4":"format-standard","5":"has-post-thumbnail","7":"category-brasil","8":"category-economia","9":"entry","10":"gs-1","11":"gs-odd","12":"gs-even","13":"gs-featured-content-entry"},"jetpack_featured_media_url":"https:\/\/www.redenoticia.com.br\/noticia\/imagens\/economia-grafica-analise-inflacao.jpg","jetpack_sharing_enabled":true,"jetpack_likes_enabled":true,"_links":{"self":[{"href":"https:\/\/www.redenoticia.com.br\/noticia\/wp-json\/wp\/v2\/posts\/114753","targetHints":{"allow":["GET"]}}],"collection":[{"href":"https:\/\/www.redenoticia.com.br\/noticia\/wp-json\/wp\/v2\/posts"}],"about":[{"href":"https:\/\/www.redenoticia.com.br\/noticia\/wp-json\/wp\/v2\/types\/post"}],"author":[{"embeddable":true,"href":"https:\/\/www.redenoticia.com.br\/noticia\/wp-json\/wp\/v2\/users\/2"}],"replies":[{"embeddable":true,"href":"https:\/\/www.redenoticia.com.br\/noticia\/wp-json\/wp\/v2\/comments?post=114753"}],"version-history":[{"count":0,"href":"https:\/\/www.redenoticia.com.br\/noticia\/wp-json\/wp\/v2\/posts\/114753\/revisions"}],"wp:featuredmedia":[{"embeddable":true,"href":"https:\/\/www.redenoticia.com.br\/noticia\/wp-json\/wp\/v2\/media\/57584"}],"wp:attachment":[{"href":"https:\/\/www.redenoticia.com.br\/noticia\/wp-json\/wp\/v2\/media?parent=114753"}],"wp:term":[{"taxonomy":"category","embeddable":true,"href":"https:\/\/www.redenoticia.com.br\/noticia\/wp-json\/wp\/v2\/categories?post=114753"},{"taxonomy":"post_tag","embeddable":true,"href":"https:\/\/www.redenoticia.com.br\/noticia\/wp-json\/wp\/v2\/tags?post=114753"}],"curies":[{"name":"wp","href":"https:\/\/api.w.org\/{rel}","templated":true}]}}