{"id":11438,"date":"2009-09-12T11:40:18","date_gmt":"2009-09-12T15:40:18","guid":{"rendered":"http:\/\/www.redenoticia.com.br\/noticia\/?p=11438"},"modified":"2009-09-12T12:06:39","modified_gmt":"2009-09-12T16:06:39","slug":"risque-patrocina-menina-fantastica","status":"publish","type":"post","link":"https:\/\/www.redenoticia.com.br\/noticia\/2009\/risque-patrocina-menina-fantastica\/11438","title":{"rendered":"Risqu\u00e9 patrocina Menina Fant\u00e1stica"},"content":{"rendered":"<p>Risqu\u00e9 \u00e9 patrocinadora da nova edi\u00e7\u00e3o do <strong>Menina Fant\u00e1stica<\/strong>, concurso de modelos realizado pelo <strong>Fant\u00e1stico<\/strong> em parceria com a ag\u00eancia <strong>Mega Model<\/strong>. A marca de beleza e higiene pessoal da Hypermarcas est\u00e1 presente no concurso desde o in\u00edcio do processo de sele\u00e7\u00e3o, que come\u00e7ou no dia 30 de agosto. A primeira colocada, al\u00e9m de se tornar a nova top model brasileira, ganhar\u00e1 R$ 500 mil em contratos com a Mega Model &#8211; na edi\u00e7\u00e3o passada, o pr\u00eamio foi de R$ 200 mil. Refer\u00eancia n\u00e3o s\u00f3 em esmaltes, Risqu\u00e9 possui uma linha completa de cosm\u00e9ticos para o cuidado de m\u00e3os e p\u00e9s. Sempre alinhada com as \u00faltimas tend\u00eancias da moda, a marca lan\u00e7ar\u00e1 em setembro, em parceria com Reinaldo Louren\u00e7o, a cole\u00e7\u00e3o Risqu\u00e9 Ar\u00e1bica, com cinco cores que ser\u00e3o hits na primavera e ver\u00e3o. A grande final do Menina Fant\u00e1stica acontece dia 20 de dezembro, no Fant\u00e1stico.<\/p>\n<p>Entre as cinco finalistas da primeira seletiva do concurso \u201cMenina Fant\u00e1stica 2009\u201d, realizada no Rio Grande do Sul, tem menina que n\u00e3o se acha fotog\u00eanica. \u00c9 a <strong>Fernanda Escosteguy<\/strong>, de 19 anos, natural de Porto Alegre. \u201cN\u00e3o acreditava que eu ia chegar entre as cinco. Agora tudo mudou\u201d, Outra sorridente que s\u00f3 ela era <strong>Rafaela Gewehr<\/strong>, de 16 anos. A mo\u00e7a veio de longe: da cidade de Candel\u00e1ria, no interior do estado \u201cQueria prestar vestibular para Artes C\u00eanicas, mas agora vou me dedicar \u00e0 carreira de modelo\u201d, afirmou. Enquanto o sorriso n\u00e3o cabia no rosto da Rafaela, <strong>Daniela Raupp<\/strong>, de 16 anos, ainda parecia n\u00e3o acreditar que estava no p\u00e1reo para se tornar a Menina Fant\u00e1stica 2009. A \u201cguria\u201d de Vera Cruz, tamb\u00e9m no interior do estado, manteve a calma e a placidez durante todo o processo de avalia\u00e7\u00e3o \u201cEstou tremendo at\u00e9 agora\u201d, contou a mo\u00e7a. Nervosismo por nervosismo, <strong>Sasha Schenkel<\/strong>, de 15 anos, sabe muito bem o que sentiu. Disse que segurou a l\u00e1grima at\u00e9 o \u00faltimo minuto para n\u00e3o borrar a maquiagem. \u201cN\u00e3o acreditava que eu tinha chance. Resolvi me inscrever para ver se dava alguma coisa &#8211; e deu\u201d, disse a mo\u00e7a, que mora em Novo Hamburgo. Aquele friozinho na barriga \u00e9 bem natural para quem est\u00e1 come\u00e7ando a trilhar sua pr\u00f3pria carreira. Mas para <strong>Caroline Escouto<\/strong>, haja cora\u00e7\u00e3o! A mo\u00e7a de 15 anos, natural de Lajeado, foi a primeira a ser pr\u00e9-selecionada pelos jurados e a \u00faltima a ser escolhida como finalista da etapa regional em Porto Alegre. \u201cFiquei muito surpresa. Achei que n\u00e3o ia ser classificada. Tive que dar conta de segurar a emo\u00e7\u00e3o\u201d, disse a morena, que fez sua inscri\u00e7\u00e3o no \u00f4nibus.<\/p>\n<p>A etapa catarinense \u00e9 neste s\u00e1bado (12).<\/p>\n<p>\u00a0<\/p>\n<p><a href=\"http:\/\/especiais.fantastico.globo.com\/meninafantastica2009\/2009\/09\/\" target=\"_blank\">Leia mais<\/a><\/p>\n","protected":false},"excerpt":{"rendered":"<p>Risqu\u00e9 \u00e9 patrocinadora da nova edi\u00e7\u00e3o do Menina Fant\u00e1stica, concurso de modelos realizado pelo Fant\u00e1stico em parceria com a ag\u00eancia Mega Model. A marca de beleza e higiene pessoal da Hypermarcas est\u00e1 presente no concurso desde o in\u00edcio do processo de sele\u00e7\u00e3o, que come\u00e7ou no dia 30 de agosto. A primeira colocada, al\u00e9m de se [&hellip;]<\/p>\n","protected":false},"author":3,"featured_media":0,"comment_status":"open","ping_status":"open","sticky":false,"template":"","format":"standard","meta":{"_genesis_hide_title":false,"_genesis_hide_breadcrumbs":false,"_genesis_hide_singular_image":false,"_genesis_hide_footer_widgets":false,"_genesis_custom_body_class":"","_genesis_custom_post_class":"","_genesis_layout":"","_jetpack_memberships_contains_paid_content":false,"footnotes":""},"categories":[22],"tags":[],"class_list":{"0":"post-11438","1":"post","2":"type-post","3":"status-publish","4":"format-standard","6":"category-brasil","7":"entry","8":"gs-1","9":"gs-odd","10":"gs-even","11":"gs-featured-content-entry"},"jetpack_featured_media_url":"","jetpack_sharing_enabled":true,"jetpack_likes_enabled":true,"_links":{"self":[{"href":"https:\/\/www.redenoticia.com.br\/noticia\/wp-json\/wp\/v2\/posts\/11438","targetHints":{"allow":["GET"]}}],"collection":[{"href":"https:\/\/www.redenoticia.com.br\/noticia\/wp-json\/wp\/v2\/posts"}],"about":[{"href":"https:\/\/www.redenoticia.com.br\/noticia\/wp-json\/wp\/v2\/types\/post"}],"author":[{"embeddable":true,"href":"https:\/\/www.redenoticia.com.br\/noticia\/wp-json\/wp\/v2\/users\/3"}],"replies":[{"embeddable":true,"href":"https:\/\/www.redenoticia.com.br\/noticia\/wp-json\/wp\/v2\/comments?post=11438"}],"version-history":[{"count":0,"href":"https:\/\/www.redenoticia.com.br\/noticia\/wp-json\/wp\/v2\/posts\/11438\/revisions"}],"wp:attachment":[{"href":"https:\/\/www.redenoticia.com.br\/noticia\/wp-json\/wp\/v2\/media?parent=11438"}],"wp:term":[{"taxonomy":"category","embeddable":true,"href":"https:\/\/www.redenoticia.com.br\/noticia\/wp-json\/wp\/v2\/categories?post=11438"},{"taxonomy":"post_tag","embeddable":true,"href":"https:\/\/www.redenoticia.com.br\/noticia\/wp-json\/wp\/v2\/tags?post=11438"}],"curies":[{"name":"wp","href":"https:\/\/api.w.org\/{rel}","templated":true}]}}