{"id":114323,"date":"2017-06-01T00:10:18","date_gmt":"2017-06-01T03:10:18","guid":{"rendered":"https:\/\/www.redenoticia.com.br\/noticia\/?p=114323"},"modified":"2017-05-31T15:40:16","modified_gmt":"2017-05-31T18:40:16","slug":"confianca-empresarial-atinge-maior-nivel-desde-dezembro-de-2014","status":"publish","type":"post","link":"https:\/\/www.redenoticia.com.br\/noticia\/2017\/confianca-empresarial-atinge-maior-nivel-desde-dezembro-de-2014\/114323","title":{"rendered":"Confian\u00e7a Empresarial atinge maior n\u00edvel desde dezembro de 2014"},"content":{"rendered":"<p> O <em><strong>\u00cdndice de Confian\u00e7a Empresarial<\/strong><\/em> (ICE) avan\u00e7ou 1,2 ponto em maio na compara\u00e7\u00e3o com abril (0,0 ponto) e atingiu 86,4 pontos, o maior n\u00edvel desde os 87,7 pontos de dezembro de 2014. Os dados foram divulgados no Rio de Janeiro, pelo Instituto Brasileiro de Economia, da Funda\u00e7\u00e3o Get\u00falio Vargas (Ibre\/FGV).<\/p>\n<p>Com o resultado de maio, na avalia\u00e7\u00e3o do superintendente de Estat\u00edsticas P\u00fablicas da FGV, Aloisio Campelo Jr., a confian\u00e7a empresarial manteve a tend\u00eancia de alta observada desde o in\u00edcio do ano.<\/p>\n<p>\u201cA boa not\u00edcia \u00e9 a redu\u00e7\u00e3o virtuosa da dist\u00e2ncia, ainda grande, entre o n\u00edvel dos indicadores que medem a percep\u00e7\u00e3o sobre o presente e os de expectativas. A m\u00e1 not\u00edcia \u00e9 que a maior parte da coleta de dados para o fechamento deste m\u00eas j\u00e1 havia sido realizada quando uma nova crise pol\u00edtica foi deflagrada no pa\u00eds, em 17 de maio\u201d, disse Campelo Jr. Para ele, \u201co aumento da incerteza provocado por eventos dessa natureza tende a impactar negativamente as expectativas\u201d.<\/p>\n<p>A partir deste m\u00eas, a FGV passa a divulgar o ICE com a agrega\u00e7\u00e3o dos indicadores-s\u00edntese das quatro sondagens empresarias produzidas pelo Ibre, consolidando os \u00edndices de confian\u00e7a dos quatro macrosetores cobertos pelas sondagens empresariais produzidas pelo FGV\/IBRE: ind\u00fastria, servi\u00e7os, com\u00e9rcio e constru\u00e7\u00e3o.<\/p>\n<p>A agrega\u00e7\u00e3o \u00e9 realizada por pesos econ\u00f4micos, tendo como refer\u00eancia dados extra\u00eddos das pesquisas estruturais anuais do Instituto Brasileiro de Geografia e Estat\u00edstica. A vari\u00e1vel de pondera\u00e7\u00e3o dos setores \u00e9 o valor adicionado, exceto pelo setor de com\u00e9rcio, cujo peso \u00e9 determinado pela margem de comercializa\u00e7\u00e3o. Segundo a FGV, as s\u00e9ries completas dos indicadores de confian\u00e7a empresarial \u201cser\u00e3o dessazonalizadas a cada m\u00eas\u201d.<\/p>\n<p>Diferentes horizontes<\/p>\n<p>Ainda segundo a publica\u00e7\u00e3o da FGV, considerando-se os diferentes horizontes de tempo da pesquisa, a maior contribui\u00e7\u00e3o para a alta da confian\u00e7a em maio foi dada pelo \u00cdndice de Situa\u00e7\u00e3o Atual (ISA-E), com alta de 1,1 ponto, indo a 80,2 pontos. J\u00e1 o \u00cdndice de Expectativas (IE-E) subiu 0,3 ponto, alcan\u00e7ando 95 pontos.<\/p>\n<p>A FGV ressaltou que o distanciamento entre a percep\u00e7\u00e3o atual dos empres\u00e1rios e as expectativas pode ser visto tamb\u00e9m nas quatro sondagens que comp\u00f5em o resultado empresarial. A sondagem com a maior diferen\u00e7a entre expectativas e percep\u00e7\u00e3o atual \u00e9 da constru\u00e7\u00e3o com 20,9 pontos, seguida por servi\u00e7os com 13,8 pontos e com\u00e9rcio com 11,9, enquanto a ind\u00fastria apresenta um distanciamento menor: 6,7 pontos.<\/p>\n<p>A alta da confian\u00e7a empresarial ocorreu nos dois segmentos com maior peso na composi\u00e7\u00e3o do indicador: ind\u00fastria e servi\u00e7os. Segundo a FGV, no com\u00e9rcio houve ligeira queda (-0,5 ponto), ap\u00f3s alta acumulada de 10,2 pontos nos tr\u00eas meses anteriores, enquanto a constru\u00e7\u00e3o continua apresentando resultados bem inferiores aos dos outros setores, retratando um setor ainda em clima de recess\u00e3o.<br \/>\nPara a constru\u00e7\u00e3o do \u00cdndice de Confian\u00e7a Empresarial, o IBRE\/FGV coletou dados em 4.932 empresas dos quatro setores, durante os dias 2 e 25 deste m\u00eas.<\/p>\n<p>Nielmar de Oliveira &#8211; Rep\u00f3rter da Ag\u00eancia Brasil<br \/>\nEdi\u00e7\u00e3o: Kleber Sampaio<br \/>\n01\/06\/2017<\/p>\n","protected":false},"excerpt":{"rendered":"<p>O \u00cdndice de Confian\u00e7a Empresarial (ICE) avan\u00e7ou 1,2 ponto em maio na compara\u00e7\u00e3o com abril (0,0 ponto) e atingiu 86,4 pontos, o maior n\u00edvel desde os 87,7 pontos de dezembro de 2014. Os dados foram divulgados no Rio de Janeiro, pelo Instituto Brasileiro de Economia, da Funda\u00e7\u00e3o Get\u00falio Vargas (Ibre\/FGV). Com o resultado de maio, [&hellip;]<\/p>\n","protected":false},"author":2,"featured_media":57582,"comment_status":"open","ping_status":"closed","sticky":false,"template":"","format":"standard","meta":{"_genesis_hide_title":false,"_genesis_hide_breadcrumbs":false,"_genesis_hide_singular_image":false,"_genesis_hide_footer_widgets":false,"_genesis_custom_body_class":"","_genesis_custom_post_class":"","_genesis_layout":"","_jetpack_memberships_contains_paid_content":false,"footnotes":""},"categories":[22,7],"tags":[],"class_list":{"0":"post-114323","1":"post","2":"type-post","3":"status-publish","4":"format-standard","5":"has-post-thumbnail","7":"category-brasil","8":"category-economia","9":"entry","10":"gs-1","11":"gs-odd","12":"gs-even","13":"gs-featured-content-entry"},"jetpack_featured_media_url":"https:\/\/www.redenoticia.com.br\/noticia\/imagens\/grafico1.jpg","jetpack_sharing_enabled":true,"jetpack_likes_enabled":true,"_links":{"self":[{"href":"https:\/\/www.redenoticia.com.br\/noticia\/wp-json\/wp\/v2\/posts\/114323","targetHints":{"allow":["GET"]}}],"collection":[{"href":"https:\/\/www.redenoticia.com.br\/noticia\/wp-json\/wp\/v2\/posts"}],"about":[{"href":"https:\/\/www.redenoticia.com.br\/noticia\/wp-json\/wp\/v2\/types\/post"}],"author":[{"embeddable":true,"href":"https:\/\/www.redenoticia.com.br\/noticia\/wp-json\/wp\/v2\/users\/2"}],"replies":[{"embeddable":true,"href":"https:\/\/www.redenoticia.com.br\/noticia\/wp-json\/wp\/v2\/comments?post=114323"}],"version-history":[{"count":0,"href":"https:\/\/www.redenoticia.com.br\/noticia\/wp-json\/wp\/v2\/posts\/114323\/revisions"}],"wp:featuredmedia":[{"embeddable":true,"href":"https:\/\/www.redenoticia.com.br\/noticia\/wp-json\/wp\/v2\/media\/57582"}],"wp:attachment":[{"href":"https:\/\/www.redenoticia.com.br\/noticia\/wp-json\/wp\/v2\/media?parent=114323"}],"wp:term":[{"taxonomy":"category","embeddable":true,"href":"https:\/\/www.redenoticia.com.br\/noticia\/wp-json\/wp\/v2\/categories?post=114323"},{"taxonomy":"post_tag","embeddable":true,"href":"https:\/\/www.redenoticia.com.br\/noticia\/wp-json\/wp\/v2\/tags?post=114323"}],"curies":[{"name":"wp","href":"https:\/\/api.w.org\/{rel}","templated":true}]}}