{"id":114,"date":"2009-04-08T12:00:00","date_gmt":"2009-04-08T15:00:00","guid":{"rendered":"http:\/\/www.redenoticia.com.br\/noticia\/?p=114"},"modified":"2009-04-09T22:32:41","modified_gmt":"2009-04-10T01:32:41","slug":"construcao-civil-registra-em-fevereiro-indice-positivo-de-empregos","status":"publish","type":"post","link":"https:\/\/www.redenoticia.com.br\/noticia\/2009\/construcao-civil-registra-em-fevereiro-indice-positivo-de-empregos\/114","title":{"rendered":"Constru\u00e7\u00e3o civil registra em fevereiro \u00edndice positivo de empregos"},"content":{"rendered":"<p>A ind\u00fastria da constru\u00e7\u00e3o civil manteve em fevereiro o mesmo \u00edndice de empregabilidade registrado antes da crise financeira internacional. Segundo a pesquisa mensal realizada pelo Sindicato da Ind\u00fastria da Constru\u00e7\u00e3o Civil do Estado de S\u00e3o Paulo (Sinduscon-SP) e da Funda\u00e7\u00e3o Getulio Vargas Projetos (FGVProjetos), foram contratados 4.114 trabalhadores com carteira assinada, aumento de 0,2% na compara\u00e7\u00e3o com janeiro.\u00a0<\/p>\n<p>De acordo com a nota divulgada pelo Sinduscon-SP, &#8220;no final de fevereiro, o total de empregados pelo setor no Brasil chegava a 2,103 milh\u00f5es, acumulando alta de 0,88% no ano e de 10,16% no per\u00edodo de 12 meses. Somando-se aos 18,4 mil empregados em janeiro, o n\u00edvel de emprego no setor voltou, em fevereiro, ao registrado entre junho e julho do ano passado, antes do in\u00edcio da crise.&#8221;<\/p>\n<p>Segundo a pesquisa, a regi\u00e3o que mais empregou na constru\u00e7\u00e3o civil foi a Centro-Oeste, com uma varia\u00e7\u00e3o mensal de 0,65%, gerando 1.010 vagas. Em segundo lugar, ficou a Regi\u00e3o Sudeste, que teve um acr\u00e9scimo de mais 4.854 empregados, aumento de 0,41%. <strong>As baixas aconteceram nas regi\u00f5es Norte (menos 1.938 trabalhadores, queda de 2%)<\/strong> e Sul (menos 190 pessoas, redu\u00e7\u00e3o de 0,06%).<\/p>\n<p style=\"MARGIN: 0cm 0cm 0pt; mso-line-height-alt: .75pt\">Ivy Farias<br \/>\n<em>Rep\u00f3rter da Ag\u00eancia Brasil<\/em><\/p>\n","protected":false},"excerpt":{"rendered":"<p>A ind\u00fastria da constru\u00e7\u00e3o civil manteve em fevereiro o mesmo \u00edndice de empregabilidade registrado antes da crise financeira internacional. Segundo a pesquisa mensal realizada pelo Sindicato da Ind\u00fastria da Constru\u00e7\u00e3o Civil do Estado de S\u00e3o Paulo (Sinduscon-SP) e da Funda\u00e7\u00e3o Getulio Vargas Projetos (FGVProjetos), foram contratados 4.114 trabalhadores com carteira assinada, aumento de 0,2% na [&hellip;]<\/p>\n","protected":false},"author":2,"featured_media":0,"comment_status":"open","ping_status":"open","sticky":false,"template":"","format":"standard","meta":{"_genesis_hide_title":false,"_genesis_hide_breadcrumbs":false,"_genesis_hide_singular_image":false,"_genesis_hide_footer_widgets":false,"_genesis_custom_body_class":"","_genesis_custom_post_class":"","_genesis_layout":"","_jetpack_memberships_contains_paid_content":false,"footnotes":""},"categories":[7],"tags":[],"class_list":{"0":"post-114","1":"post","2":"type-post","3":"status-publish","4":"format-standard","6":"category-economia","7":"entry","8":"gs-1","9":"gs-odd","10":"gs-even","11":"gs-featured-content-entry"},"jetpack_featured_media_url":"","jetpack_sharing_enabled":true,"jetpack_likes_enabled":true,"_links":{"self":[{"href":"https:\/\/www.redenoticia.com.br\/noticia\/wp-json\/wp\/v2\/posts\/114","targetHints":{"allow":["GET"]}}],"collection":[{"href":"https:\/\/www.redenoticia.com.br\/noticia\/wp-json\/wp\/v2\/posts"}],"about":[{"href":"https:\/\/www.redenoticia.com.br\/noticia\/wp-json\/wp\/v2\/types\/post"}],"author":[{"embeddable":true,"href":"https:\/\/www.redenoticia.com.br\/noticia\/wp-json\/wp\/v2\/users\/2"}],"replies":[{"embeddable":true,"href":"https:\/\/www.redenoticia.com.br\/noticia\/wp-json\/wp\/v2\/comments?post=114"}],"version-history":[{"count":0,"href":"https:\/\/www.redenoticia.com.br\/noticia\/wp-json\/wp\/v2\/posts\/114\/revisions"}],"wp:attachment":[{"href":"https:\/\/www.redenoticia.com.br\/noticia\/wp-json\/wp\/v2\/media?parent=114"}],"wp:term":[{"taxonomy":"category","embeddable":true,"href":"https:\/\/www.redenoticia.com.br\/noticia\/wp-json\/wp\/v2\/categories?post=114"},{"taxonomy":"post_tag","embeddable":true,"href":"https:\/\/www.redenoticia.com.br\/noticia\/wp-json\/wp\/v2\/tags?post=114"}],"curies":[{"name":"wp","href":"https:\/\/api.w.org\/{rel}","templated":true}]}}