{"id":113867,"date":"2017-05-24T16:36:36","date_gmt":"2017-05-24T19:36:36","guid":{"rendered":"https:\/\/www.redenoticia.com.br\/noticia\/?p=113867"},"modified":"2017-06-02T19:09:14","modified_gmt":"2017-06-02T22:09:14","slug":"resumo-novela-malhacao-2505-keyla-decide-se-encontrar-com-deco","status":"publish","type":"post","link":"https:\/\/www.redenoticia.com.br\/noticia\/2017\/resumo-novela-malhacao-2505-keyla-decide-se-encontrar-com-deco\/113867","title":{"rendered":"Resumo novela \u201cMalha\u00e7\u00e3o\u201d 25\/05: Keyla decide se encontrar com Deco"},"content":{"rendered":"<p><img class=\"alignleft size-thumbnail wp-image-110075\" https:\/\/www.redenoticia.com.br\/noticia\/imagens\/malhacao-viva-a-diferenca-150x112.jpg\" alt=\"\" width=\"150\" height=\"112\" \/><strong><em>Resumo novela \u201cMalha\u00e7\u00e3o\u201d 25\/05<\/em><\/strong>: no cap\u00edtulo 014(*) da novela \u201cMalha\u00e7\u00e3o\u201d, resumo de quinta-feira, 25 de maio, Nena conta a hist\u00f3ria da filha para D\u00f3ris. Lica afirma a Felipe que terminou o namoro com MB. Tato sugere que Anderson fa\u00e7a um jantar rom\u00e2ntico para Tina no galp\u00e3o. Felipe escuta uma briga entre Malu, Edgar e Clara. Jota conta para Ellen que foi procurado por Frostbyte e ela pede que o amigo tenha cuidado. Felipe conta para Lica sobre a discuss\u00e3o que ouviu na sala de Edgar. Lu\u00eds pede para Marta acompanh\u00e1-lo a um encontro com Malu e Edgar. Josefina conserta uma torneira na lanchonete de Roney. Keyla decide se encontrar com Deco.<\/p>\n<p>(*) edi\u00e7\u00e3o da Rede Globo, Novela \u201cMalha\u00e7\u00e3o\u201d, sujeito a altera\u00e7\u00e3o de data e conte\u00fado.<\/p>\n<p>A vig\u00e9sima quinta temporada da s\u00e9rie de televis\u00e3o brasileira Malha\u00e7\u00e3o, produzida pela Rede Globo, \u00e9 escrita por Cao Hamburger, com colabora\u00e7\u00e3o de Jaqueline Vargas, Luciana Pessanha, Vitor Brandt e Carolina Ziskind, e conta com a dire\u00e7\u00e3o de Paulo Silvestrini. Pela primeira vez ap\u00f3s vinte e quatro temporadas, a novela ser\u00e1 ambientada nas zonas leste e sul da cidade de S\u00e3o Paulo. A trama \u00e9 protagonizada por Gabriela Medvedovski, Heslaine Vieira, Ana Hikari, Manoela Aliperti e Daphne Bozaski. O elenco tamb\u00e9m \u00e9 composto por Matheus Abreu, Hall Mendes, Juan Piava, Gabriel Calamari, Bruno Gadiol, Giovanna Grigio, Aline Fanju, L\u00facio Mauro Filho, Malu Galli, Angelo Ant\u00f4nio, Daniela Galli, Marcello Antony, Isabella Scherer, Talita Younan e Carol Macedo nos papeis principais.<\/p>\n","protected":false},"excerpt":{"rendered":"","protected":false},"author":4,"featured_media":110072,"comment_status":"open","ping_status":"closed","sticky":false,"template":"","format":"standard","meta":{"_genesis_hide_title":false,"_genesis_hide_breadcrumbs":false,"_genesis_hide_singular_image":false,"_genesis_hide_footer_widgets":false,"_genesis_custom_body_class":"","_genesis_custom_post_class":"","_genesis_layout":"","_jetpack_memberships_contains_paid_content":false,"footnotes":""},"categories":[447,379,375,343],"tags":[441],"class_list":{"0":"post-113867","1":"post","2":"type-post","3":"status-publish","4":"format-standard","5":"has-post-thumbnail","7":"category-malhacao","8":"category-novelas","9":"category-rede-globo","10":"category-televisao","11":"tag-resumo-do-dia","12":"entry","13":"gs-1","14":"gs-odd","15":"gs-even","16":"gs-featured-content-entry"},"jetpack_featured_media_url":"https:\/\/www.redenoticia.com.br\/noticia\/imagens\/malhacao-viva-a-diferenca-resumo-novela-globo.jpg","jetpack_sharing_enabled":true,"jetpack_likes_enabled":true,"_links":{"self":[{"href":"https:\/\/www.redenoticia.com.br\/noticia\/wp-json\/wp\/v2\/posts\/113867","targetHints":{"allow":["GET"]}}],"collection":[{"href":"https:\/\/www.redenoticia.com.br\/noticia\/wp-json\/wp\/v2\/posts"}],"about":[{"href":"https:\/\/www.redenoticia.com.br\/noticia\/wp-json\/wp\/v2\/types\/post"}],"author":[{"embeddable":true,"href":"https:\/\/www.redenoticia.com.br\/noticia\/wp-json\/wp\/v2\/users\/4"}],"replies":[{"embeddable":true,"href":"https:\/\/www.redenoticia.com.br\/noticia\/wp-json\/wp\/v2\/comments?post=113867"}],"version-history":[{"count":0,"href":"https:\/\/www.redenoticia.com.br\/noticia\/wp-json\/wp\/v2\/posts\/113867\/revisions"}],"wp:featuredmedia":[{"embeddable":true,"href":"https:\/\/www.redenoticia.com.br\/noticia\/wp-json\/wp\/v2\/media\/110072"}],"wp:attachment":[{"href":"https:\/\/www.redenoticia.com.br\/noticia\/wp-json\/wp\/v2\/media?parent=113867"}],"wp:term":[{"taxonomy":"category","embeddable":true,"href":"https:\/\/www.redenoticia.com.br\/noticia\/wp-json\/wp\/v2\/categories?post=113867"},{"taxonomy":"post_tag","embeddable":true,"href":"https:\/\/www.redenoticia.com.br\/noticia\/wp-json\/wp\/v2\/tags?post=113867"}],"curies":[{"name":"wp","href":"https:\/\/api.w.org\/{rel}","templated":true}]}}