{"id":113813,"date":"2017-05-24T00:08:08","date_gmt":"2017-05-24T03:08:08","guid":{"rendered":"https:\/\/www.redenoticia.com.br\/noticia\/?p=113813"},"modified":"2017-05-24T12:25:37","modified_gmt":"2017-05-24T15:25:37","slug":"expectativa-do-consumidor-em-relacao-a-inflacao-e-a-menor-desde-agosto-de-2013","status":"publish","type":"post","link":"https:\/\/www.redenoticia.com.br\/noticia\/2017\/expectativa-do-consumidor-em-relacao-a-inflacao-e-a-menor-desde-agosto-de-2013\/113813","title":{"rendered":"Expectativa do consumidor em rela\u00e7\u00e3o \u00e0 infla\u00e7\u00e3o \u00e9 a menor desde agosto de 2013"},"content":{"rendered":"<p> A expectativa mediana dos consumidores brasileiros para a <strong><em>infla\u00e7\u00e3o<\/em><\/strong> nos 12 meses seguintes recuou em maio deste ano 0,4 ponto, para 7,1%, o menor n\u00edvel desde agosto de 2013. Na compara\u00e7\u00e3o com o mesmo per\u00edodo no ano anterior, o indicador registrou recuo de 3,2 pontos percentuais.<\/p>\n<p>A constata\u00e7\u00e3o \u00e9 da pesquisa Expectativa de Infla\u00e7\u00e3o dos Consumidores, divulgada pelo Instituto Brasileiro de Economia da Funda\u00e7\u00e3o Getulio Vargas (FGV). Em agosto de 2013, a expectativa de infla\u00e7\u00e3o estava em 7%.<\/p>\n<p> O economista da FGV Pedro Costa Ferreira avaliou que a queda na expectativa de infla\u00e7\u00e3o por parte dos consumidores corresponde \u00e0 \u201cqueda generalizada dos pre\u00e7os, refletida no Indice de Pre\u00e7os ao Consumidor, medido pelo IBGE [Instituto Brasileiro de Geografia e Estat\u00edstica]\u201d. Segundo ele \u201cas pessoas est\u00e3o, cada vez mais, acreditando no compromisso do Banco Central em manter a infla\u00e7\u00e3o na meta\u201d. Al\u00e9m disso, avalia Ferreira, \u201ca profunda recess\u00e3o econ\u00f4mica e o alto desemprego ajudam a direcionar as expectativas de infla\u00e7\u00e3o para n\u00edveis inferiores\u201d.<\/p>\n<p>Migra\u00e7\u00e3o das expectativas<\/p>\n<p>Mais da metade dos consumidores ouvidos pela pesquisa agora em maio (50,9%) previram infla\u00e7\u00e3o inferior a 6% nos 12 meses seguintes, \u201cdando continuidade ao movimento de migra\u00e7\u00e3o das expectativas para valores inferiores ao limite superior da meta de infla\u00e7\u00e3o estabelecida pelo Banco Central para este ano\u201d, avalia Ferreira.<\/p>\n<p>As respostas prevendo taxas inferiores \u00e0 meta de 4,5% reduziu 4 pontos percentuais em rela\u00e7\u00e3o ao m\u00eas anterior, passando a 20,3% do total. No extremo oposto, o percentual de cita\u00e7\u00f5es prevendo \u00edndices superiores a 10% recuou 1,3 ponto percentual, para 15,4%, o mesmo n\u00edvel de mar\u00e7o passado.<\/p>\n<p>A pesquisa constatou, ainda, que a expectativa de taxas de infla\u00e7\u00e3o menores recuou em todas as faixas de renda, exceto para as fam\u00edlias que recebem entre R$ 4,8 mil e R$ 9,6 mil, cuja previs\u00e3o ficou relativamente est\u00e1vel em rela\u00e7\u00e3o ao m\u00eas anterior.<\/p>\n<p>Neste m\u00eas, a redu\u00e7\u00e3o mais forte da expectativa de infla\u00e7\u00e3o ocorreu entre as fam\u00edlias com renda at\u00e9 R$ 2,1 mil mensais.<\/p>\n<p>Nielmar de Oliveira &#8211; Rep\u00f3rter da Ag\u00eancia Brasil<br \/>\nEdi\u00e7\u00e3o: Lidia Neves<br \/>\n24\/05\/2017<\/p>\n","protected":false},"excerpt":{"rendered":"<p>A expectativa mediana dos consumidores brasileiros para a infla\u00e7\u00e3o nos 12 meses seguintes recuou em maio deste ano 0,4 ponto, para 7,1%, o menor n\u00edvel desde agosto de 2013. Na compara\u00e7\u00e3o com o mesmo per\u00edodo no ano anterior, o indicador registrou recuo de 3,2 pontos percentuais. A constata\u00e7\u00e3o \u00e9 da pesquisa Expectativa de Infla\u00e7\u00e3o dos [&hellip;]<\/p>\n","protected":false},"author":2,"featured_media":57584,"comment_status":"open","ping_status":"closed","sticky":false,"template":"","format":"standard","meta":{"_genesis_hide_title":false,"_genesis_hide_breadcrumbs":false,"_genesis_hide_singular_image":false,"_genesis_hide_footer_widgets":false,"_genesis_custom_body_class":"","_genesis_custom_post_class":"","_genesis_layout":"","_jetpack_memberships_contains_paid_content":false,"footnotes":""},"categories":[22,7],"tags":[],"class_list":{"0":"post-113813","1":"post","2":"type-post","3":"status-publish","4":"format-standard","5":"has-post-thumbnail","7":"category-brasil","8":"category-economia","9":"entry","10":"gs-1","11":"gs-odd","12":"gs-even","13":"gs-featured-content-entry"},"jetpack_featured_media_url":"https:\/\/www.redenoticia.com.br\/noticia\/imagens\/economia-grafica-analise-inflacao.jpg","jetpack_sharing_enabled":true,"jetpack_likes_enabled":true,"_links":{"self":[{"href":"https:\/\/www.redenoticia.com.br\/noticia\/wp-json\/wp\/v2\/posts\/113813","targetHints":{"allow":["GET"]}}],"collection":[{"href":"https:\/\/www.redenoticia.com.br\/noticia\/wp-json\/wp\/v2\/posts"}],"about":[{"href":"https:\/\/www.redenoticia.com.br\/noticia\/wp-json\/wp\/v2\/types\/post"}],"author":[{"embeddable":true,"href":"https:\/\/www.redenoticia.com.br\/noticia\/wp-json\/wp\/v2\/users\/2"}],"replies":[{"embeddable":true,"href":"https:\/\/www.redenoticia.com.br\/noticia\/wp-json\/wp\/v2\/comments?post=113813"}],"version-history":[{"count":0,"href":"https:\/\/www.redenoticia.com.br\/noticia\/wp-json\/wp\/v2\/posts\/113813\/revisions"}],"wp:featuredmedia":[{"embeddable":true,"href":"https:\/\/www.redenoticia.com.br\/noticia\/wp-json\/wp\/v2\/media\/57584"}],"wp:attachment":[{"href":"https:\/\/www.redenoticia.com.br\/noticia\/wp-json\/wp\/v2\/media?parent=113813"}],"wp:term":[{"taxonomy":"category","embeddable":true,"href":"https:\/\/www.redenoticia.com.br\/noticia\/wp-json\/wp\/v2\/categories?post=113813"},{"taxonomy":"post_tag","embeddable":true,"href":"https:\/\/www.redenoticia.com.br\/noticia\/wp-json\/wp\/v2\/tags?post=113813"}],"curies":[{"name":"wp","href":"https:\/\/api.w.org\/{rel}","templated":true}]}}