{"id":11381,"date":"2009-09-11T17:26:53","date_gmt":"2009-09-11T21:26:53","guid":{"rendered":"http:\/\/www.redenoticia.com.br\/noticia\/?p=11381"},"modified":"2009-09-14T11:31:22","modified_gmt":"2009-09-14T15:31:22","slug":"recife-o-melhor-destino-para-dar-adeus-ao-estresse","status":"publish","type":"post","link":"https:\/\/www.redenoticia.com.br\/noticia\/2009\/recife-o-melhor-destino-para-dar-adeus-ao-estresse\/11381","title":{"rendered":"Recife: o melhor destino para dar adeus ao estresse"},"content":{"rendered":"<p><a href=\"https:\/\/www.redenoticia.com.br\/noticia\/imagens\/\/recife.jpg\"><img loading=\"lazy\" decoding=\"async\" class=\"alignleft size-medium wp-image-11382\" title=\"recife\" src=\"https:\/\/www.redenoticia.com.br\/noticia\/imagens\/\/recife-249x187.jpg\" alt=\"recife\" width=\"249\" height=\"187\" srcset=\"https:\/\/www.redenoticia.com.br\/noticia\/imagens\/recife-249x187.jpg 249w, https:\/\/www.redenoticia.com.br\/noticia\/imagens\/recife-250x187.jpg 250w, https:\/\/www.redenoticia.com.br\/noticia\/imagens\/recife.jpg 400w, https:\/\/www.redenoticia.com.br\/noticia\/imagens\/recife-150x113.jpg 150w, https:\/\/www.redenoticia.com.br\/noticia\/imagens\/recife-265x198.jpg 265w, https:\/\/www.redenoticia.com.br\/noticia\/imagens\/recife-149x112.jpg 149w\" sizes=\"auto, (max-width: 249px) 100vw, 249px\" \/><\/a>Segundo especialistas, a tend\u00eancia agora s\u00e3o as viagens que servem como terapia para combater o estresse. Destinos de f\u00e9rias que mudam a vida das pessoas j\u00e1 s\u00e3o indicados por terapeutas na cura de males. Adequar o destino \u00e0 personalidade do turista pode provocar uma revolu\u00e7\u00e3o no humor dos viajantes. Nesse sentido, uma boa dica \u00e9 o Recife, &#8216;Capital Multicultural do Brasil&#8217;, que com seus roteiros culturais e de sol e mar contribui para revigorar o ser humano como um todo.\u00a0<\/p>\n<p>Mergulhar nas \u00e1guas mornas das piscinas naturais de Boa Viagem pode ser o melhor in\u00edcio para um relaxamento. Aproveite para saborear no local os crust\u00e1ceos e caldinhos ofertados pelo com\u00e9rcio local. O lugar \u00e9 perfeito para quem gosta de muito sol e gente bonita. \u00c9 apreciado ainda por quem pratica atividades esportivas no cal\u00e7ad\u00e3o e na ciclovia \u00e0 beira-mar.<\/p>\n<p>Os diversos cen\u00e1rios da Cidade, com suas pontes, parques e museus, inspiram moradores e turistas a resgatar a hist\u00f3ria do lugar. A noite recifense serve de est\u00edmulo para esquecer todos os problemas do dia a dia ao som da terra com muito forr\u00f3, mangue beat ou m\u00fasica afro. N\u00e3o faltam ainda boas op\u00e7\u00f5es de casas noturnas com m\u00fasica ao vivo com muito pop, rock e eletr\u00f4nico. Ideal para aqueles que querem encontrar um novo relacionamento.<\/p>\n<p>O Recife \u00e9 tamb\u00e9m o maior p\u00f3lo gastron\u00f4mico do Norte\/Nordeste. Segundo o secret\u00e1rio de Turismo do Recife, Samuel Oliveira, h\u00e1 op\u00e7\u00f5es para os mais variados paladares. &#8220;Do contempor\u00e2neo ao t\u00edpico, tudo muito bem preparado para o turista saborear as del\u00edcias da gastronomia local&#8221;, acrescenta. Esses momentos s\u00e3o ideais para fazer novos amigos.<\/p>\n<p>Os aventureiros podem recorrer aos v\u00f4os panor\u00e2micos para apreciar a Cidade de cima. Quem preferir um passeio mais calmo, pode optar pelo catamar\u00e3 e deslizar pelas \u00e1guas do rio Capibaribe, harmonizando o esp\u00edrito com a ilumina\u00e7\u00e3o da noite ou o p\u00f4r do sol.<\/p>\n<p>\u00c9 no Recife que o visitante encontra a viagem-terapia de que precisa, com op\u00e7\u00f5es espec\u00edficas para necessidades emocionais e f\u00edsicas. Em um ambiente colorido, harmonioso e cheio de hist\u00f3rias, que torna a viagem inesquec\u00edvel.<\/p>\n","protected":false},"excerpt":{"rendered":"<p>Segundo especialistas, a tend\u00eancia agora s\u00e3o as viagens que servem como terapia para combater o estresse. Destinos de f\u00e9rias que mudam a vida das pessoas j\u00e1 s\u00e3o indicados por terapeutas na cura de males. Adequar o destino \u00e0 personalidade do turista pode provocar uma revolu\u00e7\u00e3o no humor dos viajantes. Nesse sentido, uma boa dica \u00e9 [&hellip;]<\/p>\n","protected":false},"author":3,"featured_media":0,"comment_status":"open","ping_status":"open","sticky":false,"template":"","format":"standard","meta":{"_genesis_hide_title":false,"_genesis_hide_breadcrumbs":false,"_genesis_hide_singular_image":false,"_genesis_hide_footer_widgets":false,"_genesis_custom_body_class":"","_genesis_custom_post_class":"","_genesis_layout":"","_jetpack_memberships_contains_paid_content":false,"footnotes":""},"categories":[22],"tags":[],"class_list":{"0":"post-11381","1":"post","2":"type-post","3":"status-publish","4":"format-standard","6":"category-brasil","7":"entry","8":"has-post-thumbnail","9":"gs-1","10":"gs-odd","11":"gs-even","12":"gs-featured-content-entry"},"jetpack_featured_media_url":"","jetpack_sharing_enabled":true,"jetpack_likes_enabled":true,"_links":{"self":[{"href":"https:\/\/www.redenoticia.com.br\/noticia\/wp-json\/wp\/v2\/posts\/11381","targetHints":{"allow":["GET"]}}],"collection":[{"href":"https:\/\/www.redenoticia.com.br\/noticia\/wp-json\/wp\/v2\/posts"}],"about":[{"href":"https:\/\/www.redenoticia.com.br\/noticia\/wp-json\/wp\/v2\/types\/post"}],"author":[{"embeddable":true,"href":"https:\/\/www.redenoticia.com.br\/noticia\/wp-json\/wp\/v2\/users\/3"}],"replies":[{"embeddable":true,"href":"https:\/\/www.redenoticia.com.br\/noticia\/wp-json\/wp\/v2\/comments?post=11381"}],"version-history":[{"count":0,"href":"https:\/\/www.redenoticia.com.br\/noticia\/wp-json\/wp\/v2\/posts\/11381\/revisions"}],"wp:attachment":[{"href":"https:\/\/www.redenoticia.com.br\/noticia\/wp-json\/wp\/v2\/media?parent=11381"}],"wp:term":[{"taxonomy":"category","embeddable":true,"href":"https:\/\/www.redenoticia.com.br\/noticia\/wp-json\/wp\/v2\/categories?post=11381"},{"taxonomy":"post_tag","embeddable":true,"href":"https:\/\/www.redenoticia.com.br\/noticia\/wp-json\/wp\/v2\/tags?post=11381"}],"curies":[{"name":"wp","href":"https:\/\/api.w.org\/{rel}","templated":true}]}}