{"id":1137,"date":"2009-05-03T20:47:23","date_gmt":"2009-05-04T00:47:23","guid":{"rendered":"http:\/\/www.redenoticia.com.br\/noticia\/?p=1137"},"modified":"2009-05-03T20:47:23","modified_gmt":"2009-05-04T00:47:23","slug":"concurso-de-design-peugeot","status":"publish","type":"post","link":"https:\/\/www.redenoticia.com.br\/noticia\/2009\/concurso-de-design-peugeot\/1137","title":{"rendered":"Concurso de Design Peugeot"},"content":{"rendered":"<p><span style=\"font-family: Arial;\"><\/span><\/p>\n<p><strong><span style=\"font-family: Arial;\"><\/span><\/strong><span style=\"font-family: Arial;\"><a href=\"https:\/\/www.redenoticia.com.br\/noticia\/imagens\/\/carro.jpg\"><img loading=\"lazy\" decoding=\"async\" class=\"alignleft size-full wp-image-1138\" title=\"carro\" src=\"https:\/\/www.redenoticia.com.br\/noticia\/imagens\/\/carro.jpg\" alt=\"carro\" width=\"150\" height=\"113\" \/><\/a>Realizado desde 2000, com o prop\u00f3sito de proporcionar a designers do mundo todo uma oportunidade de expressarem seu esp\u00edrito criativo a partir do tema \u201cAutom\u00f3vel\u201d, o Concurso de Design Peugeot atrai cada vez mais participantes, de diferentes pa\u00edses. <\/span><\/p>\n<p><span style=\"font-family: Arial;\">A realiza\u00e7\u00e3o integral pelo site institucional da Marca (www.peugeot.com) torna ainda mais f\u00e1cil a participa\u00e7\u00e3o e o acesso \u00e0s informa\u00e7\u00f5es sobre as etapas do concurso. No total, foram apresentados mais de 15 mil projetos nas cinco edi\u00e7\u00f5es, criados por 11.800 autores com os mais variados perfis. <\/span><\/p>\n<p><span style=\"font-family: Arial;\">Em 2007, o concurso revelou o talento do paranaense Wesley Saikama, de 27 anos, que conquistou a segunda coloca\u00e7\u00e3o com o projeto N Jooy, elevando, pela primeira vez, um concorrente brasileiro a esse resultado. Na edi\u00e7\u00e3o passada, o pa\u00eds contou com mais um representante de destaque: o designer mineiro Alexandre Raad teve sua cria\u00e7\u00e3o, o projeto Alegro, selecionado entre os 30 finalistas. <\/span><\/p>\n<p><span style=\"font-family: Arial;\">Independente do tema escolhido para cada edi\u00e7\u00e3o, o Concurso de Design Peugeot prop\u00f5e, de um modo geral, a cria\u00e7\u00e3o de projetos que integrem quatro importantes crit\u00e9rios defendidos pela Marca: respeito ao meio ambiente, harmonia social, mobilidade interativa e economia eficaz. <\/span><\/p>\n<p><span style=\"font-family: Arial;\" lang=\"PT\">News Free<\/span><em><span style=\"font-family: Arial;\" lang=\"PT\"> <span> <\/span><\/span><\/em><em><span style=\"font-family: Arial;\">Da Assessoria<\/span><\/em><span style=\"font-family: Arial;\"><\/span><\/p>\n","protected":false},"excerpt":{"rendered":"<p>Realizado desde 2000, com o prop\u00f3sito de proporcionar a designers do mundo todo uma oportunidade de expressarem seu esp\u00edrito criativo a partir do tema \u201cAutom\u00f3vel\u201d, o Concurso de Design Peugeot atrai cada vez mais participantes, de diferentes pa\u00edses. A realiza\u00e7\u00e3o integral pelo site institucional da Marca (www.peugeot.com) torna ainda mais f\u00e1cil a participa\u00e7\u00e3o e o [&hellip;]<\/p>\n","protected":false},"author":3,"featured_media":0,"comment_status":"open","ping_status":"open","sticky":false,"template":"","format":"standard","meta":{"_genesis_hide_title":false,"_genesis_hide_breadcrumbs":false,"_genesis_hide_singular_image":false,"_genesis_hide_footer_widgets":false,"_genesis_custom_body_class":"","_genesis_custom_post_class":"","_genesis_layout":"","_jetpack_memberships_contains_paid_content":false,"footnotes":""},"categories":[22],"tags":[],"class_list":{"0":"post-1137","1":"post","2":"type-post","3":"status-publish","4":"format-standard","6":"category-brasil","7":"entry","8":"gs-1","9":"gs-odd","10":"gs-even","11":"gs-featured-content-entry"},"jetpack_featured_media_url":"","jetpack_sharing_enabled":true,"jetpack_likes_enabled":true,"_links":{"self":[{"href":"https:\/\/www.redenoticia.com.br\/noticia\/wp-json\/wp\/v2\/posts\/1137","targetHints":{"allow":["GET"]}}],"collection":[{"href":"https:\/\/www.redenoticia.com.br\/noticia\/wp-json\/wp\/v2\/posts"}],"about":[{"href":"https:\/\/www.redenoticia.com.br\/noticia\/wp-json\/wp\/v2\/types\/post"}],"author":[{"embeddable":true,"href":"https:\/\/www.redenoticia.com.br\/noticia\/wp-json\/wp\/v2\/users\/3"}],"replies":[{"embeddable":true,"href":"https:\/\/www.redenoticia.com.br\/noticia\/wp-json\/wp\/v2\/comments?post=1137"}],"version-history":[{"count":0,"href":"https:\/\/www.redenoticia.com.br\/noticia\/wp-json\/wp\/v2\/posts\/1137\/revisions"}],"wp:attachment":[{"href":"https:\/\/www.redenoticia.com.br\/noticia\/wp-json\/wp\/v2\/media?parent=1137"}],"wp:term":[{"taxonomy":"category","embeddable":true,"href":"https:\/\/www.redenoticia.com.br\/noticia\/wp-json\/wp\/v2\/categories?post=1137"},{"taxonomy":"post_tag","embeddable":true,"href":"https:\/\/www.redenoticia.com.br\/noticia\/wp-json\/wp\/v2\/tags?post=1137"}],"curies":[{"name":"wp","href":"https:\/\/api.w.org\/{rel}","templated":true}]}}