{"id":11367,"date":"2009-09-11T16:50:51","date_gmt":"2009-09-11T20:50:51","guid":{"rendered":"http:\/\/www.redenoticia.com.br\/noticia\/?p=11367"},"modified":"2009-09-11T16:51:50","modified_gmt":"2009-09-11T20:51:50","slug":"carvi-em-ji-parana-recebe-recursos-para-ampliacao","status":"publish","type":"post","link":"https:\/\/www.redenoticia.com.br\/noticia\/2009\/carvi-em-ji-parana-recebe-recursos-para-ampliacao\/11367","title":{"rendered":"Carvi em Ji-Paran\u00e1 recebe recursos para amplia\u00e7\u00e3o"},"content":{"rendered":"<p>Nesta \u00faltima quinta-feira (10), o ex-deputado Nilton Capixaba esteve em Ji-Paran\u00e1, Rond\u00f4nia, com o prefeito Jos\u00e9 de Abreu Bianco (DEM) para entregar documenta\u00e7\u00e3o relativa a libera\u00e7\u00e3o de uma emenda parlamentar de 2007, que ir\u00e1 beneficiar centenas de jovens carentes do munic\u00edpio. S\u00e3o recursos na ordem de R$ 150 mil, mais a contrapartida da Prefeitura, para o Centro de Assist\u00eancia e Recupera\u00e7\u00e3o de Vidas (Carvi), que ser\u00e1 aplicando em um centro profissionalizante para os jovens atendidos pela entidade.<\/p>\n<p>O valor, que j\u00e1 est\u00e1 dispon\u00edvel na conta do executivo, servir\u00e1 para a constru\u00e7\u00e3o da estrutura f\u00edsica. Agora o pr\u00f3ximo passo \u00e9 conseguir os recursos necess\u00e1rios para a compra dos equipamentos. \u201cAgrade\u00e7o muito o empenho do ex-deputado, que prometeu e cumpriu. O centro profissionalizante \u00e9 um sonho antigo que ir\u00e1 beneficiar muito nossos jovens, preparando-os para atuar com mais compet\u00eancia no mercado de trabalho\u201d, disse o pastor Walquer Jarbas dos Santos, diretor do Carvi.<\/p>\n<p>O prefeito Bianco recebeu Nilton Capixaba no seu primeiro dia trabalho ap\u00f3s o t\u00e9rmino de seu afastamento de 30 dias frente \u00e0 Prefeitura. Na ocasi\u00e3o, ele reiterou o agradecimento do pastor Walquer, e afirmou que Nilton Capixaba tem auxiliado muito a administra\u00e7\u00e3o municipal. Atualmente ele ocupa o cargo de subchefe da Casa Civil.<\/p>\n<p>\u201cEm n\u00edvel estadual, al\u00e9m dos deputados, tenho contado sempre com a parceira de Nilton Capixaba, que n\u00e3o tem medido esfor\u00e7os para auxiliar na resolu\u00e7\u00e3o de muitas quest\u00f5es administrativas, o que beneficia consideravelmente a popula\u00e7\u00e3o de Ji-Paran\u00e1\u201d, afirmou Bianco.<\/p>\n<p>Mesmo com base pol\u00edtica em Cacoal, quando deputado, Nilton Capixaba sempre se preocupou em beneficiar a popula\u00e7\u00e3o ji-paranaense. Na \u00e1rea social viabilizou recursos para constru\u00e7\u00e3o de uma creche no bairro S\u00e3o Bernardo, e tamb\u00e9m para o Centro de Conviv\u00eancia do Idoso e a sede da Associa\u00e7\u00e3o de Deficientes F\u00edsicos de Ji-Paran\u00e1 (Asdefiji), al\u00e9m de disponibilizar diversos ve\u00edculos para a \u00e1rea da Sa\u00fade. Em seu trabalho na \u00e1rea de infra-estrutura, \u00e9 o respons\u00e1vel pelo bloqueteamento do bairro BNH, e pelos recursos que foram empregados na constru\u00e7\u00e3o de um galp\u00e3o e aquisi\u00e7\u00e3o de um trator para o Parque de Exposi\u00e7\u00f5es Herm\u00ednio Victorelli. Em Cacoal, duas grandes obras com recursos de emendas de Nilton Capixaba est\u00e3o em fase de conclus\u00e3o, o aeroporto e o Hospital Regional.<\/p>\n<p>O centro profissionalizante ser\u00e1 constru\u00eddo em terreno doado ao Carvi pelo empres\u00e1rio Luiz Bernardi, e ter\u00e1 uma \u00e1rea total de 360 metros quadrados. Agora o pr\u00f3ximo passo \u00e9 a realiza\u00e7\u00e3o do processo de licita\u00e7\u00e3o para a contrata\u00e7\u00e3o da empresa que ir\u00e1 executar a obra.<\/p>\n","protected":false},"excerpt":{"rendered":"<p>Nesta \u00faltima quinta-feira (10), o ex-deputado Nilton Capixaba esteve em Ji-Paran\u00e1, Rond\u00f4nia, com o prefeito Jos\u00e9 de Abreu Bianco (DEM) para entregar documenta\u00e7\u00e3o relativa a libera\u00e7\u00e3o de uma emenda parlamentar de 2007, que ir\u00e1 beneficiar centenas de jovens carentes do munic\u00edpio. S\u00e3o recursos na ordem de R$ 150 mil, mais a contrapartida da Prefeitura, para [&hellip;]<\/p>\n","protected":false},"author":3,"featured_media":0,"comment_status":"open","ping_status":"open","sticky":false,"template":"","format":"standard","meta":{"_genesis_hide_title":false,"_genesis_hide_breadcrumbs":false,"_genesis_hide_singular_image":false,"_genesis_hide_footer_widgets":false,"_genesis_custom_body_class":"","_genesis_custom_post_class":"","_genesis_layout":"","_jetpack_memberships_contains_paid_content":false,"footnotes":""},"categories":[22],"tags":[],"class_list":{"0":"post-11367","1":"post","2":"type-post","3":"status-publish","4":"format-standard","6":"category-brasil","7":"entry","8":"gs-1","9":"gs-odd","10":"gs-even","11":"gs-featured-content-entry"},"jetpack_featured_media_url":"","jetpack_sharing_enabled":true,"jetpack_likes_enabled":true,"_links":{"self":[{"href":"https:\/\/www.redenoticia.com.br\/noticia\/wp-json\/wp\/v2\/posts\/11367","targetHints":{"allow":["GET"]}}],"collection":[{"href":"https:\/\/www.redenoticia.com.br\/noticia\/wp-json\/wp\/v2\/posts"}],"about":[{"href":"https:\/\/www.redenoticia.com.br\/noticia\/wp-json\/wp\/v2\/types\/post"}],"author":[{"embeddable":true,"href":"https:\/\/www.redenoticia.com.br\/noticia\/wp-json\/wp\/v2\/users\/3"}],"replies":[{"embeddable":true,"href":"https:\/\/www.redenoticia.com.br\/noticia\/wp-json\/wp\/v2\/comments?post=11367"}],"version-history":[{"count":0,"href":"https:\/\/www.redenoticia.com.br\/noticia\/wp-json\/wp\/v2\/posts\/11367\/revisions"}],"wp:attachment":[{"href":"https:\/\/www.redenoticia.com.br\/noticia\/wp-json\/wp\/v2\/media?parent=11367"}],"wp:term":[{"taxonomy":"category","embeddable":true,"href":"https:\/\/www.redenoticia.com.br\/noticia\/wp-json\/wp\/v2\/categories?post=11367"},{"taxonomy":"post_tag","embeddable":true,"href":"https:\/\/www.redenoticia.com.br\/noticia\/wp-json\/wp\/v2\/tags?post=11367"}],"curies":[{"name":"wp","href":"https:\/\/api.w.org\/{rel}","templated":true}]}}