{"id":113467,"date":"2017-05-18T00:10:01","date_gmt":"2017-05-18T03:10:01","guid":{"rendered":"https:\/\/www.redenoticia.com.br\/noticia\/?p=113467"},"modified":"2017-05-18T01:20:44","modified_gmt":"2017-05-18T04:20:44","slug":"indicador-serasa-experian-mostra-expansao-da-economia-no-primeiro-trimestre","status":"publish","type":"post","link":"https:\/\/www.redenoticia.com.br\/noticia\/2017\/indicador-serasa-experian-mostra-expansao-da-economia-no-primeiro-trimestre\/113467","title":{"rendered":"Indicador Serasa Experian mostra expans\u00e3o da economia no primeiro trimestre"},"content":{"rendered":"<p> O Indicador Serasa Experian de <strong><em>Atividade Econ\u00f4mica<\/em><\/strong> registrou crescimento de 0,9% no primeiro trimestre do ano. O \u00edndice indica a retomada da economia do pa\u00eds, que n\u00e3o registrava resultado de crescimento desde 2015.<\/p>\n<p>\u201cA atividade econ\u00f4mica terminou o primeiro trimestre com expans\u00e3o de 0,9%, caracterizando, portanto, o fim da recess\u00e3o econ\u00f4mica que se estendeu por dois anos, isto \u00e9, desde o in\u00edcio de 2015\u201d, destacou a Serasa Experian em nota.<\/p>\n<p>De acordo com o levantamento, contribu\u00edram para o resultado a retomada da confian\u00e7a de consumidores e de empres\u00e1rios, a condu\u00e7\u00e3o da pol\u00edtica econ\u00f4mica, os recuos da infla\u00e7\u00e3o e da taxa de juros, e bons resultados da agropecu\u00e1ria e das exporta\u00e7\u00f5es.<\/p>\n<p>Segundo a Serasa Experian, a agropecu\u00e1ria foi o destaque positivo da atividade econ\u00f4mica no primeiro trimestre de 2017: alta de 10,8% em rela\u00e7\u00e3o ao \u00faltimo trimestre de 2016. O setor de servi\u00e7os tamb\u00e9m teve desempenho positivo, com alta de 0,3% em compara\u00e7\u00e3o ao quarto trimestre de 2016. O setor industrial recuou 1,1% no primeiro trimestre de 2017.<\/p>\n<p>Bruno Bocchini &#8211; Rep\u00f3rter da Ag\u00eancia Brasil<br \/>\nEdi\u00e7\u00e3o: Davi Oliveira<br \/>\n18\/05\/2017 <\/p>\n","protected":false},"excerpt":{"rendered":"<p>O Indicador Serasa Experian de Atividade Econ\u00f4mica registrou crescimento de 0,9% no primeiro trimestre do ano. O \u00edndice indica a retomada da economia do pa\u00eds, que n\u00e3o registrava resultado de crescimento desde 2015. \u201cA atividade econ\u00f4mica terminou o primeiro trimestre com expans\u00e3o de 0,9%, caracterizando, portanto, o fim da recess\u00e3o econ\u00f4mica que se estendeu por [&hellip;]<\/p>\n","protected":false},"author":2,"featured_media":38938,"comment_status":"open","ping_status":"closed","sticky":false,"template":"","format":"standard","meta":{"_genesis_hide_title":false,"_genesis_hide_breadcrumbs":false,"_genesis_hide_singular_image":false,"_genesis_hide_footer_widgets":false,"_genesis_custom_body_class":"","_genesis_custom_post_class":"","_genesis_layout":"","_jetpack_memberships_contains_paid_content":false,"footnotes":""},"categories":[22,7],"tags":[],"class_list":{"0":"post-113467","1":"post","2":"type-post","3":"status-publish","4":"format-standard","5":"has-post-thumbnail","7":"category-brasil","8":"category-economia","9":"entry","10":"gs-1","11":"gs-odd","12":"gs-even","13":"gs-featured-content-entry"},"jetpack_featured_media_url":"https:\/\/www.redenoticia.com.br\/noticia\/imagens\/economia1.jpg","jetpack_sharing_enabled":true,"jetpack_likes_enabled":true,"_links":{"self":[{"href":"https:\/\/www.redenoticia.com.br\/noticia\/wp-json\/wp\/v2\/posts\/113467","targetHints":{"allow":["GET"]}}],"collection":[{"href":"https:\/\/www.redenoticia.com.br\/noticia\/wp-json\/wp\/v2\/posts"}],"about":[{"href":"https:\/\/www.redenoticia.com.br\/noticia\/wp-json\/wp\/v2\/types\/post"}],"author":[{"embeddable":true,"href":"https:\/\/www.redenoticia.com.br\/noticia\/wp-json\/wp\/v2\/users\/2"}],"replies":[{"embeddable":true,"href":"https:\/\/www.redenoticia.com.br\/noticia\/wp-json\/wp\/v2\/comments?post=113467"}],"version-history":[{"count":0,"href":"https:\/\/www.redenoticia.com.br\/noticia\/wp-json\/wp\/v2\/posts\/113467\/revisions"}],"wp:featuredmedia":[{"embeddable":true,"href":"https:\/\/www.redenoticia.com.br\/noticia\/wp-json\/wp\/v2\/media\/38938"}],"wp:attachment":[{"href":"https:\/\/www.redenoticia.com.br\/noticia\/wp-json\/wp\/v2\/media?parent=113467"}],"wp:term":[{"taxonomy":"category","embeddable":true,"href":"https:\/\/www.redenoticia.com.br\/noticia\/wp-json\/wp\/v2\/categories?post=113467"},{"taxonomy":"post_tag","embeddable":true,"href":"https:\/\/www.redenoticia.com.br\/noticia\/wp-json\/wp\/v2\/tags?post=113467"}],"curies":[{"name":"wp","href":"https:\/\/api.w.org\/{rel}","templated":true}]}}