{"id":113277,"date":"2017-05-16T00:06:40","date_gmt":"2017-05-16T03:06:40","guid":{"rendered":"https:\/\/www.redenoticia.com.br\/noticia\/?p=113277"},"modified":"2017-05-15T14:00:54","modified_gmt":"2017-05-15T17:00:54","slug":"fapesp-e-nwo-realizam-workshop-sobre-envelhecimento-saudavel","status":"publish","type":"post","link":"https:\/\/www.redenoticia.com.br\/noticia\/2017\/fapesp-e-nwo-realizam-workshop-sobre-envelhecimento-saudavel\/113277","title":{"rendered":"FAPESP e NWO realizam workshop sobre envelhecimento saud\u00e1vel"},"content":{"rendered":"<p> Ag\u00eancia FAPESP \u2013 Pesquisadores brasileiros e holandeses participam, em 18 de maio, durante a Feira Hospitalar, em S\u00e3o Paulo, de um workshop sobre oportunidades de colabora\u00e7\u00e3o em <strong><em>pesquisa cient\u00edfica sobre envelhecimento saud\u00e1vel<\/em><\/strong>. A iniciativa tem apoio no \u00e2mbito do Acordo de Coopera\u00e7\u00e3o entre a FAPESP e a Organiza\u00e7\u00e3o Holandesa para Pesquisa Cient\u00edfica (NWO, na sigla em ingl\u00eas).<\/p>\n<p>A reuni\u00e3o promover\u00e1 um di\u00e1logo multidisciplinar entre cientistas que atuam em institui\u00e7\u00f5es de ensino e de pesquisa no Estado de S\u00e3o Paulo e na Holanda. A meta \u00e9 estimular a intera\u00e7\u00e3o e impulsionar a inova\u00e7\u00e3o tecnol\u00f3gica e o desenvolvimento socioecon\u00f4mico em temas de interesse comum.<\/p>\n<p>Os temas centrais de apresenta\u00e7\u00f5es e debates s\u00e3o os novos conhecimentos sobre o processo de envelhecimento\/oportunidades para melhorar a vitalidade e a utiliza\u00e7\u00e3o de Big Data para enfrentar desafios na \u00e1rea.<\/p>\n<p>Os pesquisadores brasileiros participantes s\u00e3o Alicia Kowaltowski, do Instituto de Qu\u00edmica da Universidade de S\u00e3o Paulo (IQ-USP) e membro da equipe do Centro de Pesquisa em Processos Redox em Biomedicina (Redoxoma) \u2013 um dos Centros de Pesquisa, Inova\u00e7\u00e3o e Difus\u00e3o (CEPIDs) da FAPESP; Claudia Bauzer Medeiros, do Instituto de Computa\u00e7\u00e3o da Universidade Estadual de Campinas (IC-Unicamp); e Iscia Lopes Cendes, professora da Faculdade de Ci\u00eancias M\u00e9dicas (FCM) da Unicamp e membro da equipe do Instituto de Pesquisa sobre Neuroci\u00eancias e Neurotecnologia (BRAINN), outro CEPID apoiado pela FAPESP.<\/p>\n<p>Entre os representantes de institui\u00e7\u00f5es de ensino, pesquisa e fomento da Holanda est\u00e3o Wilco Achterberg, do Centro M\u00e9dico da Universidade de Leiden; Albert Mons, do Centro Tecnol\u00f3gico para Ci\u00eancias da Vida \u2013 parceria p\u00fablico-privada que re\u00fane mais de 50 organiza\u00e7\u00f5es holandesas em Ci\u00eancias da Vida; e Ruben Sharpe, respons\u00e1vel pelas pol\u00edticas da NWO.<\/p>\n<p>Assinado em novembro de 2012, o Acordo FAPESP-NWO para coopera\u00e7\u00e3o cient\u00edfica e tecnol\u00f3gica j\u00e1 selecionou 21 projetos de pesquisa colaborativa em quatro Chamadas de Propostas, desenvolvidos entre cientistas dos dois pa\u00edses desde 2013, sobre Economia de base biol\u00f3gica, Desenvolvimento urbano sustent\u00e1vel, Instrumenta\u00e7\u00e3o avan\u00e7ada para Astronomia e Esporte e Vida Saud\u00e1vel.<\/p>\n<p>A 5\u00aa\u00a0, lan\u00e7ada em maio de 2017, ir\u00e1 selecionar projetos submetidos at\u00e9 15 de junho sobre t\u00f3picos relacionados \u00e0 Economia de base biol\u00f3gica.<\/p>\n<p>Pelo Brasil, participam dos projetos j\u00e1 selecionados pesquisadores ligados \u00e0 Universidade de S\u00e3o Paulo (USP), Universidade Estadual de Campinas (Unicamp), Universidade Federal do ABC (UFABC), Funda\u00e7\u00e3o Get\u00falio Vargas (FGV), Universidade Estadual Paulista &#8220;J\u00falio de Mesquista Filho&#8221; (Unesp) e Instituto Agron\u00f4mico de Campinas. Pela Holanda, participam cientistas das universidades de Amsterdam, Groningen, Leiden, Twente, Delft, Radboud, Utrecht e Wageningen, al\u00e9m do Netherlands Institute of Ecology (NIOO-KNAW) e The Netherlands Research School for Astronomy.<\/p>\n","protected":false},"excerpt":{"rendered":"<p>Ag\u00eancia FAPESP \u2013 Pesquisadores brasileiros e holandeses participam, em 18 de maio, durante a Feira Hospitalar, em S\u00e3o Paulo, de um workshop sobre oportunidades de colabora\u00e7\u00e3o em pesquisa cient\u00edfica sobre envelhecimento saud\u00e1vel. A iniciativa tem apoio no \u00e2mbito do Acordo de Coopera\u00e7\u00e3o entre a FAPESP e a Organiza\u00e7\u00e3o Holandesa para Pesquisa Cient\u00edfica (NWO, na sigla [&hellip;]<\/p>\n","protected":false},"author":2,"featured_media":21786,"comment_status":"open","ping_status":"closed","sticky":false,"template":"","format":"standard","meta":{"_genesis_hide_title":false,"_genesis_hide_breadcrumbs":false,"_genesis_hide_singular_image":false,"_genesis_hide_footer_widgets":false,"_genesis_custom_body_class":"","_genesis_custom_post_class":"","_genesis_layout":"","_jetpack_memberships_contains_paid_content":false,"footnotes":""},"categories":[22,370,353],"tags":[],"class_list":{"0":"post-113277","1":"post","2":"type-post","3":"status-publish","4":"format-standard","5":"has-post-thumbnail","7":"category-brasil","8":"category-inscricao","9":"category-oportunidades","10":"entry","11":"gs-1","12":"gs-odd","13":"gs-even","14":"gs-featured-content-entry"},"jetpack_featured_media_url":"https:\/\/www.redenoticia.com.br\/noticia\/imagens\/retomar-forma-depois-verao.jpg","jetpack_sharing_enabled":true,"jetpack_likes_enabled":true,"_links":{"self":[{"href":"https:\/\/www.redenoticia.com.br\/noticia\/wp-json\/wp\/v2\/posts\/113277","targetHints":{"allow":["GET"]}}],"collection":[{"href":"https:\/\/www.redenoticia.com.br\/noticia\/wp-json\/wp\/v2\/posts"}],"about":[{"href":"https:\/\/www.redenoticia.com.br\/noticia\/wp-json\/wp\/v2\/types\/post"}],"author":[{"embeddable":true,"href":"https:\/\/www.redenoticia.com.br\/noticia\/wp-json\/wp\/v2\/users\/2"}],"replies":[{"embeddable":true,"href":"https:\/\/www.redenoticia.com.br\/noticia\/wp-json\/wp\/v2\/comments?post=113277"}],"version-history":[{"count":0,"href":"https:\/\/www.redenoticia.com.br\/noticia\/wp-json\/wp\/v2\/posts\/113277\/revisions"}],"wp:featuredmedia":[{"embeddable":true,"href":"https:\/\/www.redenoticia.com.br\/noticia\/wp-json\/wp\/v2\/media\/21786"}],"wp:attachment":[{"href":"https:\/\/www.redenoticia.com.br\/noticia\/wp-json\/wp\/v2\/media?parent=113277"}],"wp:term":[{"taxonomy":"category","embeddable":true,"href":"https:\/\/www.redenoticia.com.br\/noticia\/wp-json\/wp\/v2\/categories?post=113277"},{"taxonomy":"post_tag","embeddable":true,"href":"https:\/\/www.redenoticia.com.br\/noticia\/wp-json\/wp\/v2\/tags?post=113277"}],"curies":[{"name":"wp","href":"https:\/\/api.w.org\/{rel}","templated":true}]}}