{"id":11300,"date":"2009-09-10T16:29:32","date_gmt":"2009-09-10T20:29:32","guid":{"rendered":"http:\/\/www.redenoticia.com.br\/noticia\/?p=11300"},"modified":"2009-09-10T16:29:32","modified_gmt":"2009-09-10T20:29:32","slug":"previsao-do-tempo-no-vale-do-paraiba-litoral-norte-e-serra-da-mantiqueira-de-11-a-1309","status":"publish","type":"post","link":"https:\/\/www.redenoticia.com.br\/noticia\/2009\/previsao-do-tempo-no-vale-do-paraiba-litoral-norte-e-serra-da-mantiqueira-de-11-a-1309\/11300","title":{"rendered":"Previs\u00e3o do tempo no Vale do Para\u00edba, Litoral Norte e Serra da Mantiqueira de 11 a 13\/09"},"content":{"rendered":"<p><strong>Previs\u00e3o do tempo no Vale do Para\u00edba, Litoral Norte e Serra da Mantiqueira<\/strong> &#8211;\u00a0Na sexta-feira (11\/09), o dia ser\u00e1 de sol e calor com possibilidade de pancadas de chuva na Serra da Mantiqueira no final do dia. A temperatura m\u00e1xima estar\u00e1 em eleva\u00e7\u00e3o. \u00a0Tend\u00eancia para os pr\u00f3ximos dias:\u00a0No s\u00e1bado (12\/09), n\u00e3o se esperam grandes mudan\u00e7as, haver\u00e1 predom\u00ednio de sol e muito calor na regi\u00e3o. No final do dia dever\u00e1 aumentar a nebulosidade no Alto Vale com pequena chance de pancada de chuva.\u00a0<\/p>\n<p>No domingo (13\/09), a instabilidade aumentar\u00e1 em toda a regi\u00e3o. O dia ainda ser\u00e1 abafado mas dever\u00e1 ocorrer pancadas de chuva na regi\u00e3o.<\/p>\n<p>O Centro de Previs\u00e3o de Tempo e Estudos Clim\u00e1ticos \u2013 CPTEC, do Instituto Nacional de Pesquisas Espaciais \u2013 INPE \u00e9 o passaporte do Brasil para o primeiro mundo das previs\u00f5es meteorol\u00f3gicas. Os supercomputadores vetoriais SX-6 e SX-4 fabricados pela NEC Corporation do Jap\u00e3o, possuem capacidade de processar at\u00e9 768 bilh\u00f5es e 16 bilh\u00f5es de opera\u00e7\u00f5es aritm\u00e9ticas em ponto flutuante por segundo respectivamente. Recentemente adquirido da \u201cNEC Corporation do Jap\u00e3o\u201d um cluster com 1100 processadores fabricado pela \u201cSUN Microsystem\u201d com a capacidade de processar at\u00e9 5.7 trilh\u00f5es de opera\u00e7\u00f5es aritm\u00e9ticas em ponto flutuante por segundo. Isso significa possibilidade de utilizar modelos num\u00e9ricos para simula\u00e7\u00e3o de tempo e clima, integrando informa\u00e7\u00f5es atmosf\u00e9ricas e oce\u00e2nicas. O resultado disso s\u00e3o previs\u00f5es de tempo confi\u00e1veis, para todo o pa\u00eds.\u00a0<\/p>\n<p>CPTEC\/INPE<\/p>\n","protected":false},"excerpt":{"rendered":"<p>Previs\u00e3o do tempo no Vale do Para\u00edba, Litoral Norte e Serra da Mantiqueira &#8211;\u00a0Na sexta-feira (11\/09), o dia ser\u00e1 de sol e calor com possibilidade de pancadas de chuva na Serra da Mantiqueira no final do dia. A temperatura m\u00e1xima estar\u00e1 em eleva\u00e7\u00e3o. \u00a0Tend\u00eancia para os pr\u00f3ximos dias:\u00a0No s\u00e1bado (12\/09), n\u00e3o se esperam grandes mudan\u00e7as, [&hellip;]<\/p>\n","protected":false},"author":3,"featured_media":0,"comment_status":"open","ping_status":"open","sticky":false,"template":"","format":"standard","meta":{"_genesis_hide_title":false,"_genesis_hide_breadcrumbs":false,"_genesis_hide_singular_image":false,"_genesis_hide_footer_widgets":false,"_genesis_custom_body_class":"","_genesis_custom_post_class":"","_genesis_layout":"","_jetpack_memberships_contains_paid_content":false,"footnotes":""},"categories":[22,327],"tags":[],"class_list":{"0":"post-11300","1":"post","2":"type-post","3":"status-publish","4":"format-standard","6":"category-brasil","7":"category-clima","8":"entry","9":"gs-1","10":"gs-odd","11":"gs-even","12":"gs-featured-content-entry"},"jetpack_featured_media_url":"","jetpack_sharing_enabled":true,"jetpack_likes_enabled":true,"_links":{"self":[{"href":"https:\/\/www.redenoticia.com.br\/noticia\/wp-json\/wp\/v2\/posts\/11300","targetHints":{"allow":["GET"]}}],"collection":[{"href":"https:\/\/www.redenoticia.com.br\/noticia\/wp-json\/wp\/v2\/posts"}],"about":[{"href":"https:\/\/www.redenoticia.com.br\/noticia\/wp-json\/wp\/v2\/types\/post"}],"author":[{"embeddable":true,"href":"https:\/\/www.redenoticia.com.br\/noticia\/wp-json\/wp\/v2\/users\/3"}],"replies":[{"embeddable":true,"href":"https:\/\/www.redenoticia.com.br\/noticia\/wp-json\/wp\/v2\/comments?post=11300"}],"version-history":[{"count":0,"href":"https:\/\/www.redenoticia.com.br\/noticia\/wp-json\/wp\/v2\/posts\/11300\/revisions"}],"wp:attachment":[{"href":"https:\/\/www.redenoticia.com.br\/noticia\/wp-json\/wp\/v2\/media?parent=11300"}],"wp:term":[{"taxonomy":"category","embeddable":true,"href":"https:\/\/www.redenoticia.com.br\/noticia\/wp-json\/wp\/v2\/categories?post=11300"},{"taxonomy":"post_tag","embeddable":true,"href":"https:\/\/www.redenoticia.com.br\/noticia\/wp-json\/wp\/v2\/tags?post=11300"}],"curies":[{"name":"wp","href":"https:\/\/api.w.org\/{rel}","templated":true}]}}