{"id":112847,"date":"2017-05-10T00:08:16","date_gmt":"2017-05-10T03:08:16","guid":{"rendered":"https:\/\/www.redenoticia.com.br\/noticia\/?p=112847"},"modified":"2017-05-09T16:05:23","modified_gmt":"2017-05-09T19:05:23","slug":"cesta-basica-sobe-em-todas-as-capitais-do-pais-em-abril","status":"publish","type":"post","link":"https:\/\/www.redenoticia.com.br\/noticia\/2017\/cesta-basica-sobe-em-todas-as-capitais-do-pais-em-abril\/112847","title":{"rendered":"Cesta b\u00e1sica sobe em todas as capitais do pa\u00eds em abril"},"content":{"rendered":"<p> O pre\u00e7o da <strong><em>cesta b\u00e1sica<\/em><\/strong> subiu em todas as capitais do pa\u00eds no m\u00eas de abril. As maiores altas foram registradas em Porto Alegre (6,17%), Cuiab\u00e1 (5,51%), Palmas (5,16%), Salvador (4,85%) e Boa Vista (4,71%). As menores eleva\u00e7\u00f5es foram observadas em Goi\u00e2nia (0,13%) e S\u00e3o Lu\u00eds (0,35%). Os dados s\u00e3o da Pesquisa Nacional da Cesta B\u00e1sica de Alimentos, feita mensalmente pelo Departamento Intersindical de Estat\u00edstica e Estudos Socioecon\u00f4micos (Dieese).<\/p>\n<p>Em Porto Alegre, foi registrada a cesta mais cara (R$ 464,19), seguida por Florian\u00f3polis (R$ 453,54), Rio de Janeiro (R$ 448,51) e S\u00e3o Paulo (R$ 446,28). Rio Branco (R$ 333,18) e Aracaju (R$ 363,87) foram as cidades com os menores valores.<\/p>\n<p>No acumulado dos primeiros quatro meses de 2017, 11 capitais registraram queda no pre\u00e7o da cesta, com destaque para Rio Branco (-13,33%), Manaus (-5,34%) e Macei\u00f3 (-4,32%). No entanto, em 16 capitais houve aumento, sendo os mais expressivos em Fortaleza (7,33%), Recife (5,97%) e Teresina (4,84%).<\/p>\n<p>No acumulado dos \u00faltimos 12 meses (de mar\u00e7o de 2016 a abril de 2017), 20 cidades registraram alta na cesta. Os aumentos mais expressivos foram observados em Natal (10,28%), Fortaleza (9,85%) e Porto Alegre (8,73%). As redu\u00e7\u00f5es ocorreram em sete capitais, com destaque para Bel\u00e9m (-3,49%), Macap\u00e1 (-3,28%) e Rio Branco (-3,11%).<\/p>\n<p>Segundo o Dieese, em abril o sal\u00e1rio-m\u00ednimo necess\u00e1rio para a manuten\u00e7\u00e3o de uma fam\u00edlia deveria ser R$ 3.899,66, ou 4,16 vezes o sal\u00e1rio-m\u00ednimo oficial, de R$ 937,00. O c\u00e1lculo considera a determina\u00e7\u00e3o constitucional de que o m\u00ednimo deve ser suficiente para suprir as despesas de um trabalhador e da fam\u00edlia dele, com alimenta\u00e7\u00e3o, moradia, sa\u00fade, educa\u00e7\u00e3o, vestu\u00e1rio, higiene, transporte, lazer e previd\u00eancia.<\/p>\n<p>Comportamento dos pre\u00e7os<\/p>\n<p>O tomate registrou aumento nas 27 capitais, em abril. As altas variaram entre 5,61%, em Bel\u00e9m, e 64,69%, em Porto Alegre. Segundo o Dieese, o fim da colheita da safra de ver\u00e3o e o clima mais ameno foram os fatores que reduziram a oferta e elevaram o valor do fruto.<\/p>\n<p>A batata tamb\u00e9m apresentou alta em todas as capitais, com destaque para os aumentos em Florian\u00f3polis (37,84%), Cuiab\u00e1 (29,91%), Porto Alegre (26,64%) e Curitiba (26,40%). De acordo com o Dieese, as chuvas reduziram a oferta do tub\u00e9rculo. A maior demanda pelo produto, na Semana Santa, fez com que o pre\u00e7o da batata crescesse em todas as capitais.<\/p>\n<p>O leite teve aumento de pre\u00e7o em 20 capitais, com destaque para as eleva\u00e7\u00f5es em Recife (8,81%), Cuiab\u00e1 (4,85%), Natal (2,44%) e Palmas (2,30%). As retra\u00e7\u00f5es mais expressivas foram registradas em Boa Vista (-3,65%) e S\u00e3o Lu\u00eds (-3,09%).<\/p>\n<p>J\u00e1 o pre\u00e7o do arroz diminuiu em 23 capitais, com varia\u00e7\u00f5es entre -7,36%, em Campo Grande, e -0,25%, em Teresina. Em S\u00e3o Paulo, o pre\u00e7o do gr\u00e3o n\u00e3o variou, e houve eleva\u00e7\u00e3o em Manaus (0,32%), Fortaleza (0,63%) e Bel\u00e9m (2,84%). Segundo o Dieese, os estoques abastecidos da ind\u00fastria e a baixa demanda dos centros consumidores fizeram com que o pre\u00e7o do arroz diminu\u00edsse em abril.<\/p>\n<p>Bruno Bocchini \u2013 Rep\u00f3rter da Ag\u00eancia Brasil<br \/>\nEdi\u00e7\u00e3o: Maria Claudia<br \/>\n10\/05\/2017<\/p>\n","protected":false},"excerpt":{"rendered":"<p>O pre\u00e7o da cesta b\u00e1sica subiu em todas as capitais do pa\u00eds no m\u00eas de abril. As maiores altas foram registradas em Porto Alegre (6,17%), Cuiab\u00e1 (5,51%), Palmas (5,16%), Salvador (4,85%) e Boa Vista (4,71%). As menores eleva\u00e7\u00f5es foram observadas em Goi\u00e2nia (0,13%) e S\u00e3o Lu\u00eds (0,35%). Os dados s\u00e3o da Pesquisa Nacional da Cesta [&hellip;]<\/p>\n","protected":false},"author":2,"featured_media":57582,"comment_status":"open","ping_status":"closed","sticky":false,"template":"","format":"standard","meta":{"_genesis_hide_title":false,"_genesis_hide_breadcrumbs":false,"_genesis_hide_singular_image":false,"_genesis_hide_footer_widgets":false,"_genesis_custom_body_class":"","_genesis_custom_post_class":"","_genesis_layout":"","_jetpack_memberships_contains_paid_content":false,"footnotes":""},"categories":[22,7],"tags":[],"class_list":{"0":"post-112847","1":"post","2":"type-post","3":"status-publish","4":"format-standard","5":"has-post-thumbnail","7":"category-brasil","8":"category-economia","9":"entry","10":"gs-1","11":"gs-odd","12":"gs-even","13":"gs-featured-content-entry"},"jetpack_featured_media_url":"https:\/\/www.redenoticia.com.br\/noticia\/imagens\/grafico1.jpg","jetpack_sharing_enabled":true,"jetpack_likes_enabled":true,"_links":{"self":[{"href":"https:\/\/www.redenoticia.com.br\/noticia\/wp-json\/wp\/v2\/posts\/112847","targetHints":{"allow":["GET"]}}],"collection":[{"href":"https:\/\/www.redenoticia.com.br\/noticia\/wp-json\/wp\/v2\/posts"}],"about":[{"href":"https:\/\/www.redenoticia.com.br\/noticia\/wp-json\/wp\/v2\/types\/post"}],"author":[{"embeddable":true,"href":"https:\/\/www.redenoticia.com.br\/noticia\/wp-json\/wp\/v2\/users\/2"}],"replies":[{"embeddable":true,"href":"https:\/\/www.redenoticia.com.br\/noticia\/wp-json\/wp\/v2\/comments?post=112847"}],"version-history":[{"count":0,"href":"https:\/\/www.redenoticia.com.br\/noticia\/wp-json\/wp\/v2\/posts\/112847\/revisions"}],"wp:featuredmedia":[{"embeddable":true,"href":"https:\/\/www.redenoticia.com.br\/noticia\/wp-json\/wp\/v2\/media\/57582"}],"wp:attachment":[{"href":"https:\/\/www.redenoticia.com.br\/noticia\/wp-json\/wp\/v2\/media?parent=112847"}],"wp:term":[{"taxonomy":"category","embeddable":true,"href":"https:\/\/www.redenoticia.com.br\/noticia\/wp-json\/wp\/v2\/categories?post=112847"},{"taxonomy":"post_tag","embeddable":true,"href":"https:\/\/www.redenoticia.com.br\/noticia\/wp-json\/wp\/v2\/tags?post=112847"}],"curies":[{"name":"wp","href":"https:\/\/api.w.org\/{rel}","templated":true}]}}