{"id":11230,"date":"2009-09-10T11:39:46","date_gmt":"2009-09-10T15:39:46","guid":{"rendered":"http:\/\/www.redenoticia.com.br\/noticia\/?p=11230"},"modified":"2009-09-12T12:30:13","modified_gmt":"2009-09-12T16:30:13","slug":"estreia-de-olga-bongiovanni-foi-prestigiada-pelo-padre-fabio-de-melo","status":"publish","type":"post","link":"https:\/\/www.redenoticia.com.br\/noticia\/2009\/estreia-de-olga-bongiovanni-foi-prestigiada-pelo-padre-fabio-de-melo\/11230","title":{"rendered":"Estreia de Olga Bongiovanni foi prestigiada pelo Padre F\u00e1bio de Melo"},"content":{"rendered":"<p><a href=\"https:\/\/www.redenoticia.com.br\/noticia\/imagens\/\/olga.jpg\"><img loading=\"lazy\" decoding=\"async\" class=\"alignleft size-medium wp-image-11231\" title=\"olga\" src=\"https:\/\/www.redenoticia.com.br\/noticia\/imagens\/\/olga-249x187.jpg\" alt=\"olga\" width=\"249\" height=\"187\" srcset=\"https:\/\/www.redenoticia.com.br\/noticia\/imagens\/olga-249x187.jpg 249w, https:\/\/www.redenoticia.com.br\/noticia\/imagens\/olga-250x187.jpg 250w, https:\/\/www.redenoticia.com.br\/noticia\/imagens\/olga.jpg 400w, https:\/\/www.redenoticia.com.br\/noticia\/imagens\/olga-150x113.jpg 150w, https:\/\/www.redenoticia.com.br\/noticia\/imagens\/olga-265x198.jpg 265w, https:\/\/www.redenoticia.com.br\/noticia\/imagens\/olga-149x112.jpg 149w\" sizes=\"auto, (max-width: 249px) 100vw, 249px\" \/><\/a>A noite desta ter\u00e7a-feira, dia 8 de setembro, foi realmente especial e marcada pela estreia do programa <strong>Olga Bongiovanni<\/strong>, transmitido pela <strong>TV Aparecida<\/strong>, que ser\u00e1 di\u00e1rio, ao vivo, das 19h15 \u00e0s 21h.\u00a0Entre os convidados que estiveram presentes no coquetel que foi servido logo ap\u00f3s a exibi\u00e7\u00e3o do programa, estavam Lu Alckmin, Helena Mottin, Goulart de Andrade, <strong>Padre F\u00e1bio de Melo<\/strong>, Daniela e Moacyr Franco, Lucimara Parisi e Alexandre Viturino, Adriana Lessa, Suzy Aires, Ciro Batelli.<\/p>\n<p>Olga Bongiovanni estava radiante com a presen\u00e7a de grandes amigos e parceiros e est\u00e1 muito contente com o novo desafio. \u201cO prazer de fazer televis\u00e3o limpa e com liberdade \u00e9 a maior realiza\u00e7\u00e3o da minha vida e poder falar boa noite \u00e9 uma satisfa\u00e7\u00e3o\u201d, declarou a apresentadora.<\/p>\n<p>A hist\u00f3ria da TV &#8211; A TV de Nossa Senhora Aparecida n\u00e3o nasceu por acaso. Como tudo o que diz respeito a Nossa Senhora e ao projeto de anunciar Jesus Cristo, a TV foi sonhada h\u00e1 pelo menos 40 anos. V\u00e1rios Mission\u00e1rios Redentoristas, entre os quais o padre V\u00edtor Coelho de Almeida, pensaram nessa hip\u00f3tese de evangeliza\u00e7\u00e3o. Pensaram e sonharam com ela. Anota\u00e7\u00f5es relativas \u00e0 R\u00e1dio Aparecida de 1965, 1968, 1973, 1988 e finalmente de 1997 revelam o desejo guardado com carinho at\u00e9 que chegasse a hora certa.<\/p>\n<p>A \u201cplenitude dos tempos\u201d chegou a partir do ano 2000 quando a dire\u00e7\u00e3o da Funda\u00e7\u00e3o Nossa Aparecida &#8211; que era formada por Dom Alo\u00edsio Lorscheider, padre C\u00e9sar Moreira, padre Carlos da Silva, padre Jo\u00e3o Batista de Almeida e padre Jalmir Her\u00e9dia \u00a0&#8211; decidiu buscar o canal que existia para a cidade no Plano B\u00e1sico de Radiodifus\u00e3o. Assim, constava do Plano Geral da RA para o tri\u00eanio 2000 \u2013 2002, a iniciativa de se conseguir a concess\u00e3o do canal de Tv. Seria uma forma de se celebrar os 50 anos da R\u00e1dio Aparecida a serem completados em 08 de setembro de 2001.<\/p>\n<p>Os contatos iniciais foram feitos junto ao Minist\u00e9rio das Comunica\u00e7\u00f5es para a primeira audi\u00eancia de Dom Alo\u00edsio e padre C\u00e9sar com o ent\u00e3o Ministro Pimenta da Veiga. A proposta de que o canal 59 em UHF fosse concedido para a Funda\u00e7\u00e3o Nossa Senhora Aparecida foi bem recebida, mediante a mudan\u00e7a do referido canal para o modelo de TV Educativa. Foram cumpridas as exig\u00eancias legais e no dia 05 de maio de 2001 o ministro Pimenta da Veiga veio a Aparecida e, ap\u00f3s a participa\u00e7\u00e3o na Santa Missa, assinou em cerim\u00f4nia realizada na R\u00e1dio Aparecida o projeto de concess\u00e3o do referido canal. Dali em diante, trabalho era dar os passos e cumprir as datas para que a TV Aparecida fosse instalada. Em 31 de outubro de 2001, foi assinado em Bras\u00edlia o contrato entre o Minist\u00e9rio das Comunica\u00e7\u00f5es e a Funda\u00e7\u00e3o Nossa Senhora Aparecida pelo qual se marcava o prazo de 36 meses para a emissora entrar no ar. Antes que da data prevista, no dia 8 de setembro de 2005, a TV de Nossa Senhora era inaugurada.<\/p>\n<p>A rigor, podem ser considerados \u201cfundadores\u201d da TV Aparecida a dire\u00e7\u00e3o da Funda\u00e7\u00e3o que tomou a decis\u00e3o de implantar a televis\u00e3o, cujos nomes foram elencados acima, dentre os quais destaca \u2013 se o cardeal Dom Alo\u00edsio Lorscheider. Outros redentoristas aderiram e participaram diretamente da implanta\u00e7\u00e3o. Entre esses, os padres Darci Jos\u00e9 Nicioli, Rodolfo Croon, Jo\u00e9rcio Pereira, Evaldo C\u00e9sar. E de modo mais amplo, um grupo representativo de padres e de leigos puseram m\u00e3os \u00e0s obras. O sonho de tantos e o desejo de milhares estava realizado. Mas tudo foi poss\u00edvel porque a presen\u00e7a materna da M\u00e3e Aparecida nunca deixou de aben\u00e7oar t\u00e3o importante projeto.<\/p>\n","protected":false},"excerpt":{"rendered":"<p>A noite desta ter\u00e7a-feira, dia 8 de setembro, foi realmente especial e marcada pela estreia do programa Olga Bongiovanni, transmitido pela TV Aparecida, que ser\u00e1 di\u00e1rio, ao vivo, das 19h15 \u00e0s 21h.\u00a0Entre os convidados que estiveram presentes no coquetel que foi servido logo ap\u00f3s a exibi\u00e7\u00e3o do programa, estavam Lu Alckmin, Helena Mottin, Goulart de [&hellip;]<\/p>\n","protected":false},"author":3,"featured_media":0,"comment_status":"open","ping_status":"open","sticky":false,"template":"","format":"standard","meta":{"_genesis_hide_title":false,"_genesis_hide_breadcrumbs":false,"_genesis_hide_singular_image":false,"_genesis_hide_footer_widgets":false,"_genesis_custom_body_class":"","_genesis_custom_post_class":"","_genesis_layout":"","_jetpack_memberships_contains_paid_content":false,"footnotes":""},"categories":[22,343],"tags":[],"class_list":{"0":"post-11230","1":"post","2":"type-post","3":"status-publish","4":"format-standard","6":"category-brasil","7":"category-televisao","8":"entry","9":"has-post-thumbnail","10":"gs-1","11":"gs-odd","12":"gs-even","13":"gs-featured-content-entry"},"jetpack_featured_media_url":"","jetpack_sharing_enabled":true,"jetpack_likes_enabled":true,"_links":{"self":[{"href":"https:\/\/www.redenoticia.com.br\/noticia\/wp-json\/wp\/v2\/posts\/11230","targetHints":{"allow":["GET"]}}],"collection":[{"href":"https:\/\/www.redenoticia.com.br\/noticia\/wp-json\/wp\/v2\/posts"}],"about":[{"href":"https:\/\/www.redenoticia.com.br\/noticia\/wp-json\/wp\/v2\/types\/post"}],"author":[{"embeddable":true,"href":"https:\/\/www.redenoticia.com.br\/noticia\/wp-json\/wp\/v2\/users\/3"}],"replies":[{"embeddable":true,"href":"https:\/\/www.redenoticia.com.br\/noticia\/wp-json\/wp\/v2\/comments?post=11230"}],"version-history":[{"count":0,"href":"https:\/\/www.redenoticia.com.br\/noticia\/wp-json\/wp\/v2\/posts\/11230\/revisions"}],"wp:attachment":[{"href":"https:\/\/www.redenoticia.com.br\/noticia\/wp-json\/wp\/v2\/media?parent=11230"}],"wp:term":[{"taxonomy":"category","embeddable":true,"href":"https:\/\/www.redenoticia.com.br\/noticia\/wp-json\/wp\/v2\/categories?post=11230"},{"taxonomy":"post_tag","embeddable":true,"href":"https:\/\/www.redenoticia.com.br\/noticia\/wp-json\/wp\/v2\/tags?post=11230"}],"curies":[{"name":"wp","href":"https:\/\/api.w.org\/{rel}","templated":true}]}}