{"id":11227,"date":"2009-09-10T11:26:31","date_gmt":"2009-09-10T15:26:31","guid":{"rendered":"http:\/\/www.redenoticia.com.br\/noticia\/?p=11227"},"modified":"2009-09-12T11:08:27","modified_gmt":"2009-09-12T15:08:27","slug":"fnde-publica-resolucao-sobre-concessao-de-bolsas-do-plano-nacional-de-formacao-de-professores-%e2%80%93-plataforma-freire","status":"publish","type":"post","link":"https:\/\/www.redenoticia.com.br\/noticia\/2009\/fnde-publica-resolucao-sobre-concessao-de-bolsas-do-plano-nacional-de-formacao-de-professores-%e2%80%93-plataforma-freire\/11227","title":{"rendered":"FNDE publica resolu\u00e7\u00e3o sobre concess\u00e3o de bolsas do Plano Nacional de Forma\u00e7\u00e3o de Professores \u2013 Plataforma Freire"},"content":{"rendered":"<p><strong>MEC<\/strong> &#8211; O Fundo Nacional De Desenvolvimento da Educa\u00e7\u00e3o (FNDE), \u00f3rg\u00e3o vinculado ao Minist\u00e9rio da Educa\u00e7\u00e3o (MEC), publicou nesta ter\u00e7a-feira, 8, no Di\u00e1rio Oficial da Uni\u00e3o a Resolu\u00e7\u00e3o N\u00ba 48, que estabelece orienta\u00e7\u00f5es e diretrizes para concess\u00e3o e pagamento de bolsas de estudo e de pesquisa do Plano Nacional de Forma\u00e7\u00e3o dos Professores da Educa\u00e7\u00e3o B\u00e1sica \u2013<strong> Plataforma Freire<\/strong>.\u00a0As bolsas de estudo e pesquisa ser\u00e3o concedidas pela Coordena\u00e7\u00e3o de Aperfei\u00e7oamento de Pessoal de N\u00edvel Superior (Capes) e pagas pelo FNDE diretamente aos benefici\u00e1rios. Elas s\u00e3o destinadas aos coordenadores gerais, coordenadores de cursos e professores-pesquisadores participantes das institui\u00e7\u00f5es p\u00fablicas de educa\u00e7\u00e3o superior (Ipes) respoons\u00e1veis por ministrar os cursos especiais presenciais de primeira e segunda licenciatura e de forma\u00e7\u00e3o pedag\u00f3gica do Plano. O per\u00edodo de dura\u00e7\u00e3o das bolsas ser\u00e1 de at\u00e9 quatro anos.<\/p>\n<p>O Plano Nacional de Forma\u00e7\u00e3o de Professores da Educa\u00e7\u00e3o B\u00e1sica \u00e9 uma a\u00e7\u00e3o conjunta do MEC, por interm\u00e9dio da Capes, em regime de colabora\u00e7\u00e3o com as secretarias de Educa\u00e7\u00e3o dos estados, do Distrito Federal e dos munic\u00edpios. O objetivo \u00e9 atender a demanda por forma\u00e7\u00e3o adequada, inicial e continuada dos professores em exerc\u00edcio das redes p\u00fablicas de educa\u00e7\u00e3o b\u00e1sica, por meio de cursos gratuitos de qualidade, mobilizando para isso a capacidade instalada das Ipes.<\/p>\n<p>A Capes participa do Plano Nacional por meio das Diretorias de Educa\u00e7\u00e3o B\u00e1sica Presencial (DEB) e de Educa\u00e7\u00e3o a Dist\u00e2ncia (DED), com o apoio das secretarias do Minist\u00e9rio da Educa\u00e7\u00e3o.<\/p>\n<p>Entre as responsabilidades da Capes, est\u00e1 a de instituir Comiss\u00e3o de Acompanhamento e Avalia\u00e7\u00e3o do Plano Nacional, assim como colaborar para a organiza\u00e7\u00e3o e divulga\u00e7\u00e3o do cadastro dos cursistas e benefici\u00e1rios das bolsas. Cabe \u00e0 Funda\u00e7\u00e3o, tamb\u00e9m, fornecer ao FNDE as metas anuais dos cursos especiais presenciais de primeira e segunda licenciatura e de forma\u00e7\u00e3o pedag\u00f3gica, bem como a estimativa da distribui\u00e7\u00e3o mensal de tais metas e dos recursos financeiros destinados ao pagamento de bolsas.<\/p>\n<p>A Capes tamb\u00e9m \u00e9 respons\u00e1vel por encaminhar ao FNDE os cadastros dos bolsistas e instituir orienta\u00e7\u00f5es \u00e0s atribui\u00e7\u00f5es e obriga\u00e7\u00f5es relativas \u00e0s fun\u00e7\u00f5es previstas para os bolsistas dos cursos especiais ministrados. Cabe ainda \u00e0 Capes monitorar, analisar e registrar mensalmente os relat\u00f3rios de ocorr\u00eancias encaminhados pelas Ipes, relativos \u00e0 perman\u00eancia, interrup\u00e7\u00e3o ou cancelamento do pagamento das bolsas, para minimizar a evas\u00e3o e garantir o sucesso dos professores em exerc\u00edcio em sua forma\u00e7\u00e3o, contribuindo decisicamente para a melhoria da Educa\u00e7\u00e3o B\u00e1sica p\u00fablica no Brasil.<\/p>\n<p>Veja a <a title=\"Portaria do Plano Nacional de Forma\u00e7\u00e3o de Professores \" href=\"http:\/\/www.in.gov.br\/imprensa\/visualiza\/index.jsp?data=08\/09\/2009&amp;jornal=1&amp;pagina=28&amp;totalArquivos=128\" target=\"_blank\">portaria<\/a> completa.<\/p>\n","protected":false},"excerpt":{"rendered":"<p>MEC &#8211; O Fundo Nacional De Desenvolvimento da Educa\u00e7\u00e3o (FNDE), \u00f3rg\u00e3o vinculado ao Minist\u00e9rio da Educa\u00e7\u00e3o (MEC), publicou nesta ter\u00e7a-feira, 8, no Di\u00e1rio Oficial da Uni\u00e3o a Resolu\u00e7\u00e3o N\u00ba 48, que estabelece orienta\u00e7\u00f5es e diretrizes para concess\u00e3o e pagamento de bolsas de estudo e de pesquisa do Plano Nacional de Forma\u00e7\u00e3o dos Professores da Educa\u00e7\u00e3o [&hellip;]<\/p>\n","protected":false},"author":3,"featured_media":0,"comment_status":"open","ping_status":"open","sticky":false,"template":"","format":"standard","meta":{"_genesis_hide_title":false,"_genesis_hide_breadcrumbs":false,"_genesis_hide_singular_image":false,"_genesis_hide_footer_widgets":false,"_genesis_custom_body_class":"","_genesis_custom_post_class":"","_genesis_layout":"","_jetpack_memberships_contains_paid_content":false,"footnotes":""},"categories":[22,353],"tags":[],"class_list":{"0":"post-11227","1":"post","2":"type-post","3":"status-publish","4":"format-standard","6":"category-brasil","7":"category-oportunidades","8":"entry","9":"gs-1","10":"gs-odd","11":"gs-even","12":"gs-featured-content-entry"},"jetpack_featured_media_url":"","jetpack_sharing_enabled":true,"jetpack_likes_enabled":true,"_links":{"self":[{"href":"https:\/\/www.redenoticia.com.br\/noticia\/wp-json\/wp\/v2\/posts\/11227","targetHints":{"allow":["GET"]}}],"collection":[{"href":"https:\/\/www.redenoticia.com.br\/noticia\/wp-json\/wp\/v2\/posts"}],"about":[{"href":"https:\/\/www.redenoticia.com.br\/noticia\/wp-json\/wp\/v2\/types\/post"}],"author":[{"embeddable":true,"href":"https:\/\/www.redenoticia.com.br\/noticia\/wp-json\/wp\/v2\/users\/3"}],"replies":[{"embeddable":true,"href":"https:\/\/www.redenoticia.com.br\/noticia\/wp-json\/wp\/v2\/comments?post=11227"}],"version-history":[{"count":0,"href":"https:\/\/www.redenoticia.com.br\/noticia\/wp-json\/wp\/v2\/posts\/11227\/revisions"}],"wp:attachment":[{"href":"https:\/\/www.redenoticia.com.br\/noticia\/wp-json\/wp\/v2\/media?parent=11227"}],"wp:term":[{"taxonomy":"category","embeddable":true,"href":"https:\/\/www.redenoticia.com.br\/noticia\/wp-json\/wp\/v2\/categories?post=11227"},{"taxonomy":"post_tag","embeddable":true,"href":"https:\/\/www.redenoticia.com.br\/noticia\/wp-json\/wp\/v2\/tags?post=11227"}],"curies":[{"name":"wp","href":"https:\/\/api.w.org\/{rel}","templated":true}]}}