{"id":111891,"date":"2017-04-25T00:10:43","date_gmt":"2017-04-25T03:10:43","guid":{"rendered":"https:\/\/www.redenoticia.com.br\/noticia\/?p=111891"},"modified":"2017-04-24T16:12:04","modified_gmt":"2017-04-24T19:12:04","slug":"indice-de-confianca-da-industria-fica-estavel-de-marco-para-abril","status":"publish","type":"post","link":"https:\/\/www.redenoticia.com.br\/noticia\/2017\/indice-de-confianca-da-industria-fica-estavel-de-marco-para-abril\/111891","title":{"rendered":"\u00cdndice de Confian\u00e7a da Ind\u00fastria fica est\u00e1vel de mar\u00e7o para abril"},"content":{"rendered":"<p> A pr\u00e9via de abril do <strong><em>\u00cdndice de Confian\u00e7a da Ind\u00fastria<\/em><\/strong> (ICI) ficou em 90,8 pontos, 0,1 ponto acima do resultado de mar\u00e7o. Segundo a Funda\u00e7\u00e3o Getulio Vargas (FGV), os n\u00fameros mostram uma estabilidade do indicador, que \u00e9 medido em uma escala de zero a 200 pontos. Caso a pr\u00e9via seja confirmada no resultado fim de abril, ser\u00e1 o maior n\u00edvel do \u00edndice desde maio de 2014 (92,2 pontos).<\/p>\n<p>A pr\u00e9via aponta para uma piora da avalia\u00e7\u00e3o dos empres\u00e1rios da ind\u00fastria em rela\u00e7\u00e3o ao momento atual. O \u00cdndice da Situa\u00e7\u00e3o Atual caiu 0,3 ponto e chegou a 88,2 pontos. No entanto, os empres\u00e1rios est\u00e3o mais confiantes em rela\u00e7\u00e3o ao futuro, de acordo com a pr\u00e9via. O \u00cdndice de Expectativas subiu 0,5 ponto e atingiu 93,6 pontos.<\/p>\n<p>O N\u00edvel de Utiliza\u00e7\u00e3o da Capacidade Instalada da Ind\u00fastria tamb\u00e9m permaneceu est\u00e1vel na pr\u00e9via de abril (74,4%), um patamar ainda baixo em termos hist\u00f3ricos. Para a pr\u00e9via de abril, foram consultadas 783 empresas entre os dias 3 e 20 deste m\u00eas. O resultado final da pesquisa ser\u00e1 divulgado na pr\u00f3xima sexta-feira.<\/p>\n<p>Vitor Abdala &#8211; Rep\u00f3rter da Ag\u00eancia Brasil<br \/>\nEdi\u00e7\u00e3o: Kleber Sampaio<br \/>\n25\/04\/2017<\/p>\n","protected":false},"excerpt":{"rendered":"<p>A pr\u00e9via de abril do \u00cdndice de Confian\u00e7a da Ind\u00fastria (ICI) ficou em 90,8 pontos, 0,1 ponto acima do resultado de mar\u00e7o. Segundo a Funda\u00e7\u00e3o Getulio Vargas (FGV), os n\u00fameros mostram uma estabilidade do indicador, que \u00e9 medido em uma escala de zero a 200 pontos. Caso a pr\u00e9via seja confirmada no resultado fim de [&hellip;]<\/p>\n","protected":false},"author":2,"featured_media":57585,"comment_status":"open","ping_status":"closed","sticky":false,"template":"","format":"standard","meta":{"_genesis_hide_title":false,"_genesis_hide_breadcrumbs":false,"_genesis_hide_singular_image":false,"_genesis_hide_footer_widgets":false,"_genesis_custom_body_class":"","_genesis_custom_post_class":"","_genesis_layout":"","_jetpack_memberships_contains_paid_content":false,"footnotes":""},"categories":[22,7],"tags":[],"class_list":{"0":"post-111891","1":"post","2":"type-post","3":"status-publish","4":"format-standard","5":"has-post-thumbnail","7":"category-brasil","8":"category-economia","9":"entry","10":"gs-1","11":"gs-odd","12":"gs-even","13":"gs-featured-content-entry"},"jetpack_featured_media_url":"https:\/\/www.redenoticia.com.br\/noticia\/imagens\/analise-economia.jpg","jetpack_sharing_enabled":true,"jetpack_likes_enabled":true,"_links":{"self":[{"href":"https:\/\/www.redenoticia.com.br\/noticia\/wp-json\/wp\/v2\/posts\/111891","targetHints":{"allow":["GET"]}}],"collection":[{"href":"https:\/\/www.redenoticia.com.br\/noticia\/wp-json\/wp\/v2\/posts"}],"about":[{"href":"https:\/\/www.redenoticia.com.br\/noticia\/wp-json\/wp\/v2\/types\/post"}],"author":[{"embeddable":true,"href":"https:\/\/www.redenoticia.com.br\/noticia\/wp-json\/wp\/v2\/users\/2"}],"replies":[{"embeddable":true,"href":"https:\/\/www.redenoticia.com.br\/noticia\/wp-json\/wp\/v2\/comments?post=111891"}],"version-history":[{"count":0,"href":"https:\/\/www.redenoticia.com.br\/noticia\/wp-json\/wp\/v2\/posts\/111891\/revisions"}],"wp:featuredmedia":[{"embeddable":true,"href":"https:\/\/www.redenoticia.com.br\/noticia\/wp-json\/wp\/v2\/media\/57585"}],"wp:attachment":[{"href":"https:\/\/www.redenoticia.com.br\/noticia\/wp-json\/wp\/v2\/media?parent=111891"}],"wp:term":[{"taxonomy":"category","embeddable":true,"href":"https:\/\/www.redenoticia.com.br\/noticia\/wp-json\/wp\/v2\/categories?post=111891"},{"taxonomy":"post_tag","embeddable":true,"href":"https:\/\/www.redenoticia.com.br\/noticia\/wp-json\/wp\/v2\/tags?post=111891"}],"curies":[{"name":"wp","href":"https:\/\/api.w.org\/{rel}","templated":true}]}}