{"id":110964,"date":"2017-04-11T00:41:29","date_gmt":"2017-04-11T03:41:29","guid":{"rendered":"https:\/\/www.redenoticia.com.br\/noticia\/?p=110964"},"modified":"2017-04-10T16:12:28","modified_gmt":"2017-04-10T19:12:28","slug":"procon-de-sp-diz-que-juro-bancario-esta-estavel-e-alerta-sobre-cheque-especial","status":"publish","type":"post","link":"https:\/\/www.redenoticia.com.br\/noticia\/2017\/procon-de-sp-diz-que-juro-bancario-esta-estavel-e-alerta-sobre-cheque-especial\/110964","title":{"rendered":"Procon de SP diz que juro banc\u00e1rio est\u00e1 est\u00e1vel e alerta sobre cheque especial"},"content":{"rendered":"<p> A <strong><em>taxa m\u00e9dia de juros<\/em><\/strong> aplicados sobre o uso do cheque especial foi mantida este m\u00eas em 13,53% no conjunto de seis bancos pesquisados pelo Procon de S\u00e3o Paulo: Banco do Brasil, Bradesco, Caixa Econ\u00f4mica Federal, Ita\u00fa, Safra e Santander. Esses bancos tamb\u00e9m mantiveram em 6,4% o \u00edndice cobrado nas opera\u00e7\u00f5es de empr\u00e9stimo pessoal.<\/p>\n<p>No Banco do Brasil, a taxa sobre o empr\u00e9stimo pessoal est\u00e1 em 5,81%, no Bradesco, 6,54%; na Caixa ,5,7%; Ita\u00fa, 6,43%; Safra, 5,9% e Santander, 7,99%.<\/p>\n<p>J\u00e1 em rela\u00e7\u00e3o ao cheque especial foram detectadas as seguintes varia\u00e7\u00f5es: Banco do Brasil (12,89%); Bradesco (13,49%); Caixa (13,55%); Ita\u00fa (13,23%); Safra (12,60%) e Santander (15,43%).<\/p>\n<p>Por meio de nota, o Procon-SP alerta que, mesmo diante de taxas est\u00e1veis, o consumidor deve evitar essas linhas de cr\u00e9dito, principalmente, a do cheque especial, cuja taxa anual ultrapassa 358% ao ano.<\/p>\n<p>Marli Moreira &#8211; Rep\u00f3rter da Ag\u00eancia Brasil<br \/>\nEdi\u00e7\u00e3o: Kleber Sampaio<br \/>\n11\/04\/2017<br \/>\n&#8212;<br \/>\nCriada em 2007 para fortalecer o sistema p\u00fablico de comunica\u00e7\u00e3o, a EBC \u00e9 gestora da TV Brasil, TV Brasil Internacional, Ag\u00eancia Brasil, Radioag\u00eancia Nacional e do sistema p\u00fablico de R\u00e1dio, composto por oito emissoras: R\u00e1dio Nacional AM do Rio de Janeiro (1.130 KHz), R\u00e1dio Nacional AM de Bras\u00edlia (980 KHz), Nacional FM de Bras\u00edlia (96,1 MHz), R\u00e1dio MEC AM do Rio de Janeiro (800 KHz), MEC FM do Rio de Janeiro (99,3 MHz), R\u00e1dio Nacional da Amaz\u00f4nia OC (11.780 KHz e 6.180 KHz), R\u00e1dio Nacional AM do Alto Solim\u00f5es (670 KHz) e R\u00e1dio Nacional FM do Alto Solim\u00f5es (96.1 MHz). Por sua independ\u00eancia editorial, os ve\u00edculos p\u00fablicos distinguem-se dos canais estatais ou governamentais. A rede de emissoras produz conte\u00fados diferenciados que a singulariza por espelhar de maneira mais fidedigna a complexidade cultural brasileira, ocupando um espa\u00e7o complementar, n\u00e3o preenchido pelos canais privados.<\/p>\n","protected":false},"excerpt":{"rendered":"<p>A taxa m\u00e9dia de juros aplicados sobre o uso do cheque especial foi mantida este m\u00eas em 13,53% no conjunto de seis bancos pesquisados pelo Procon de S\u00e3o Paulo: Banco do Brasil, Bradesco, Caixa Econ\u00f4mica Federal, Ita\u00fa, Safra e Santander. Esses bancos tamb\u00e9m mantiveram em 6,4% o \u00edndice cobrado nas opera\u00e7\u00f5es de empr\u00e9stimo pessoal. No [&hellip;]<\/p>\n","protected":false},"author":2,"featured_media":57584,"comment_status":"open","ping_status":"closed","sticky":false,"template":"","format":"standard","meta":{"_genesis_hide_title":false,"_genesis_hide_breadcrumbs":false,"_genesis_hide_singular_image":false,"_genesis_hide_footer_widgets":false,"_genesis_custom_body_class":"","_genesis_custom_post_class":"","_genesis_layout":"","_jetpack_memberships_contains_paid_content":false,"footnotes":""},"categories":[22,7],"tags":[],"class_list":{"0":"post-110964","1":"post","2":"type-post","3":"status-publish","4":"format-standard","5":"has-post-thumbnail","7":"category-brasil","8":"category-economia","9":"entry","10":"gs-1","11":"gs-odd","12":"gs-even","13":"gs-featured-content-entry"},"jetpack_featured_media_url":"https:\/\/www.redenoticia.com.br\/noticia\/imagens\/economia-grafica-analise-inflacao.jpg","jetpack_sharing_enabled":true,"jetpack_likes_enabled":true,"_links":{"self":[{"href":"https:\/\/www.redenoticia.com.br\/noticia\/wp-json\/wp\/v2\/posts\/110964","targetHints":{"allow":["GET"]}}],"collection":[{"href":"https:\/\/www.redenoticia.com.br\/noticia\/wp-json\/wp\/v2\/posts"}],"about":[{"href":"https:\/\/www.redenoticia.com.br\/noticia\/wp-json\/wp\/v2\/types\/post"}],"author":[{"embeddable":true,"href":"https:\/\/www.redenoticia.com.br\/noticia\/wp-json\/wp\/v2\/users\/2"}],"replies":[{"embeddable":true,"href":"https:\/\/www.redenoticia.com.br\/noticia\/wp-json\/wp\/v2\/comments?post=110964"}],"version-history":[{"count":0,"href":"https:\/\/www.redenoticia.com.br\/noticia\/wp-json\/wp\/v2\/posts\/110964\/revisions"}],"wp:featuredmedia":[{"embeddable":true,"href":"https:\/\/www.redenoticia.com.br\/noticia\/wp-json\/wp\/v2\/media\/57584"}],"wp:attachment":[{"href":"https:\/\/www.redenoticia.com.br\/noticia\/wp-json\/wp\/v2\/media?parent=110964"}],"wp:term":[{"taxonomy":"category","embeddable":true,"href":"https:\/\/www.redenoticia.com.br\/noticia\/wp-json\/wp\/v2\/categories?post=110964"},{"taxonomy":"post_tag","embeddable":true,"href":"https:\/\/www.redenoticia.com.br\/noticia\/wp-json\/wp\/v2\/tags?post=110964"}],"curies":[{"name":"wp","href":"https:\/\/api.w.org\/{rel}","templated":true}]}}