{"id":110719,"date":"2017-04-06T16:34:44","date_gmt":"2017-04-06T19:34:44","guid":{"rendered":"https:\/\/www.redenoticia.com.br\/noticia\/?p=110719"},"modified":"2017-04-06T16:15:50","modified_gmt":"2017-04-06T19:15:50","slug":"resumo-novela-malhacao-0704-barbara-vai-representar-caio-na-academia","status":"publish","type":"post","link":"https:\/\/www.redenoticia.com.br\/noticia\/2017\/resumo-novela-malhacao-0704-barbara-vai-representar-caio-na-academia\/110719","title":{"rendered":"Resumo novela \u201cMalha\u00e7\u00e3o\u201d 07\/04: B\u00e1rbara vai representar Caio na academia"},"content":{"rendered":"<p><img loading=\"lazy\" decoding=\"async\" class=\"alignleft size-thumbnail wp-image-91715\" src=\"https:\/\/www.redenoticia.com.br\/noticia\/imagens\/malhacao_pro_dia_nascer_feliz_resumo_novela-150x112.jpg\" alt=\"malhacao_pro_dia_nascer_feliz_resumo_novela\" width=\"150\" height=\"112\" srcset=\"https:\/\/www.redenoticia.com.br\/noticia\/imagens\/malhacao_pro_dia_nascer_feliz_resumo_novela-150x112.jpg 150w, https:\/\/www.redenoticia.com.br\/noticia\/imagens\/malhacao_pro_dia_nascer_feliz_resumo_novela-265x198.jpg 265w\" sizes=\"auto, (max-width: 150px) 100vw, 150px\" \/><strong><em>Resumo novela \u201cMalha\u00e7\u00e3o\u201d 07\/04<\/em><\/strong>: no cap\u00edtulo 163(*) da novela \u201cMalha\u00e7\u00e3o\u201d, resumo de sexta-feira, 07 de abril, Joana estranha a afirma\u00e7\u00e3o de Caio sobre Ricardo n\u00e3o sair do hospital. Sula se declara para R\u00f4mulo. Nanda conta para J\u00e9ssica que terminou o namoro com Renato. B\u00e1rbara gosta quando Caio diz que ela o representar\u00e1 na academia. M\u00f4nica divulga a aula com Belloto nas redes sociais e J\u00e9ssica se incomoda. T\u00e2nia n\u00e3o acredita na boa vontade de Caio. Manuela incentiva Luiza a ir com a turma visitar Martinha. J\u00e9ssica acusa Belloto de querer se aproveitar do sucesso de M\u00f4nica. Tita n\u00e3o acredita que B\u00e1rbara seja uma boa administradora para a Forma. Martinha pede para Luiza sair de sua casa. B\u00e1rbara anuncia a volta \u00e0 academia e todos ficam apreensivos. R\u00f4mulo pede para namorar Sula, mas se arrepende ao descobrir que Nanda terminou com Renato. B\u00e1rbara ironiza Joana por achar que Caio ir\u00e1 ajud\u00e1-la.<\/p>\n<p>(*) edi\u00e7\u00e3o da Rede Globo, Novela \u201cMalha\u00e7\u00e3o\u201d, sujeito a altera\u00e7\u00e3o de data e conte\u00fado.<\/p>\n<p>A vig\u00e9sima quarta temporada da s\u00e9rie de televis\u00e3o brasileira Malha\u00e7\u00e3o (tamb\u00e9m chamada de Malha\u00e7\u00e3o: Pro Dia Nascer Feliz ou Malha\u00e7\u00e3o 2016), \u00e9 produzida pela Rede Globo e transmitida desde 22 de agosto de 2016. \u00c9 escrita por Emanuel Jacobina, com a colabora\u00e7\u00e3o de Cristiane Dantas, Rodrigo Salom\u00e3o, Juliana Peres, Dino Cantelli, Z\u00e9 Dassilva, Anna Lee e Bruna Paix\u00e3o, dire\u00e7\u00e3o de Mariana Richard e Marco Rodrigo, dire\u00e7\u00e3o geral de Adriano Melo e dire\u00e7\u00e3o art\u00edstica de Leonardo Nogueira. Nesta temporada, escrita pelo autor das duas primeiras temporadas, o n\u00facleo volta a ser uma academia, tendo Aline Dias e Felipe Roque como casal principal da trama. Deborah Secco, Marcos Pasquim, Ricardo Vianna, Amanda de Godoi, Giulia Gayoso, Juliano Laham, Laryssa Ayres, S\u00e9rgio Malheiros, Cynthia Senek, Nego do Borel, Louise Cardoso, Joana Fomm, Oscar Magrini, Malu Falangola, Thiago Fragoso e Barbara Fran\u00e7a interpretam os demais pap\u00e9is centrais da hist\u00f3ria.<\/p>\n","protected":false},"excerpt":{"rendered":"<p>Resumo novela \u201cMalha\u00e7\u00e3o\u201d 07\/04: no cap\u00edtulo 163(*) da novela \u201cMalha\u00e7\u00e3o\u201d, resumo de sexta-feira, 07 de abril, Joana estranha a afirma\u00e7\u00e3o de Caio sobre Ricardo n\u00e3o sair do hospital. Sula se declara para R\u00f4mulo. Nanda conta para J\u00e9ssica que terminou o namoro com Renato. B\u00e1rbara gosta quando Caio diz que ela o representar\u00e1 na academia. M\u00f4nica [&hellip;]<\/p>\n","protected":false},"author":4,"featured_media":91715,"comment_status":"open","ping_status":"closed","sticky":false,"template":"","format":"standard","meta":{"_genesis_hide_title":false,"_genesis_hide_breadcrumbs":false,"_genesis_hide_singular_image":false,"_genesis_hide_footer_widgets":false,"_genesis_custom_body_class":"","_genesis_custom_post_class":"","_genesis_layout":"","_jetpack_memberships_contains_paid_content":false,"footnotes":""},"categories":[447,379,375,343],"tags":[441],"class_list":{"0":"post-110719","1":"post","2":"type-post","3":"status-publish","4":"format-standard","5":"has-post-thumbnail","7":"category-malhacao","8":"category-novelas","9":"category-rede-globo","10":"category-televisao","11":"tag-resumo-do-dia","12":"entry","13":"gs-1","14":"gs-odd","15":"gs-even","16":"gs-featured-content-entry"},"jetpack_featured_media_url":"https:\/\/www.redenoticia.com.br\/noticia\/imagens\/malhacao_pro_dia_nascer_feliz_resumo_novela.jpg","jetpack_sharing_enabled":true,"jetpack_likes_enabled":true,"_links":{"self":[{"href":"https:\/\/www.redenoticia.com.br\/noticia\/wp-json\/wp\/v2\/posts\/110719","targetHints":{"allow":["GET"]}}],"collection":[{"href":"https:\/\/www.redenoticia.com.br\/noticia\/wp-json\/wp\/v2\/posts"}],"about":[{"href":"https:\/\/www.redenoticia.com.br\/noticia\/wp-json\/wp\/v2\/types\/post"}],"author":[{"embeddable":true,"href":"https:\/\/www.redenoticia.com.br\/noticia\/wp-json\/wp\/v2\/users\/4"}],"replies":[{"embeddable":true,"href":"https:\/\/www.redenoticia.com.br\/noticia\/wp-json\/wp\/v2\/comments?post=110719"}],"version-history":[{"count":0,"href":"https:\/\/www.redenoticia.com.br\/noticia\/wp-json\/wp\/v2\/posts\/110719\/revisions"}],"wp:featuredmedia":[{"embeddable":true,"href":"https:\/\/www.redenoticia.com.br\/noticia\/wp-json\/wp\/v2\/media\/91715"}],"wp:attachment":[{"href":"https:\/\/www.redenoticia.com.br\/noticia\/wp-json\/wp\/v2\/media?parent=110719"}],"wp:term":[{"taxonomy":"category","embeddable":true,"href":"https:\/\/www.redenoticia.com.br\/noticia\/wp-json\/wp\/v2\/categories?post=110719"},{"taxonomy":"post_tag","embeddable":true,"href":"https:\/\/www.redenoticia.com.br\/noticia\/wp-json\/wp\/v2\/tags?post=110719"}],"curies":[{"name":"wp","href":"https:\/\/api.w.org\/{rel}","templated":true}]}}