{"id":110669,"date":"2017-04-06T00:11:11","date_gmt":"2017-04-06T03:11:11","guid":{"rendered":"https:\/\/www.redenoticia.com.br\/noticia\/?p=110669"},"modified":"2017-04-05T16:42:07","modified_gmt":"2017-04-05T19:42:07","slug":"pedidos-de-falencia-tem-queda-de-99-entre-janeiro-e-marco","status":"publish","type":"post","link":"https:\/\/www.redenoticia.com.br\/noticia\/2017\/pedidos-de-falencia-tem-queda-de-99-entre-janeiro-e-marco\/110669","title":{"rendered":"Pedidos de fal\u00eancia t\u00eam queda de 9,9% entre janeiro e mar\u00e7o"},"content":{"rendered":"<p> Os <strong><em>pedidos de fal\u00eancia<\/em><\/strong> ca\u00edram 9,9% em todo o pa\u00eds no acumulado dos tr\u00eas primeiros meses do ano, na compara\u00e7\u00e3o com o mesmo per\u00edodo de 2016. A informa\u00e7\u00e3o foi dada em S\u00e3o Paulo, pela Boa Vista &#8211; Servi\u00e7o Central de Prote\u00e7\u00e3o ao Cr\u00e9dito (SCPC). Em mar\u00e7o, houve queda de 5,2% na compara\u00e7\u00e3o com o ano anterior.<\/p>\n<p>Segundo a pesquisa, as fal\u00eancias decretadas no trimestre subiram 7,6%. Na compara\u00e7\u00e3o com mar\u00e7o de 2016, houve alta de 6,9%. Os pedidos de recupera\u00e7\u00e3o judicial apresentaram queda de 15,2% em tr\u00eas meses e alta de 14,6% em rela\u00e7\u00e3o a mar\u00e7o do ano passado. As recupera\u00e7\u00f5es judiciais aumentaram 10,2%, alta de 22,2% em rela\u00e7\u00e3o a mar\u00e7o de 2016.<\/p>\n<p>As pequenas empresas foram as mais afetadas porque responderam por 88% dos pedidos de fal\u00eancia e por 92% das fal\u00eancias decretadas no trimestre. Nos pedidos de recupera\u00e7\u00e3o judicial e nas recupera\u00e7\u00f5es judiciais deferidas, as pequenas empresas representaram 93% do total de casos.<\/p>\n<p>Ind\u00fastria e servi\u00e7os lideram<\/p>\n<p>Entre os setores da economia, no trimestre, a ind\u00fastria teve o maior percentual de pedidos de fal\u00eancia (39%), seguida do setor de servi\u00e7os (35%) e do com\u00e9rcio (26%). Em rela\u00e7\u00e3o ao mesmo per\u00edodo do ano anterior, o setor industrial caiu 15%, o com\u00e9rcio, 15,6%, e o setor de servi\u00e7os, caiu 21%.<\/p>\n<p>A avalia\u00e7\u00e3o dos pesquisadores \u00e9 que, passado o per\u00edodo de intensa retra\u00e7\u00e3o da atividade econ\u00f4mica,  com redu\u00e7\u00e3o do consumo, restri\u00e7\u00e3o e encarecimento do cr\u00e9dito, as empresas passam a esbo\u00e7ar sinais mais s\u00f3lidos de recupera\u00e7\u00e3o.<\/p>\n<p>Fernanda Cruz &#8211; Rep\u00f3rter da Ag\u00eancia Brasil<br \/>\nEdi\u00e7\u00e3o: Kleber Sampaio<br \/>\n06\/04\/2017<\/p>\n","protected":false},"excerpt":{"rendered":"<p>Os pedidos de fal\u00eancia ca\u00edram 9,9% em todo o pa\u00eds no acumulado dos tr\u00eas primeiros meses do ano, na compara\u00e7\u00e3o com o mesmo per\u00edodo de 2016. A informa\u00e7\u00e3o foi dada em S\u00e3o Paulo, pela Boa Vista &#8211; Servi\u00e7o Central de Prote\u00e7\u00e3o ao Cr\u00e9dito (SCPC). Em mar\u00e7o, houve queda de 5,2% na compara\u00e7\u00e3o com o ano [&hellip;]<\/p>\n","protected":false},"author":2,"featured_media":57583,"comment_status":"open","ping_status":"closed","sticky":false,"template":"","format":"standard","meta":{"_genesis_hide_title":false,"_genesis_hide_breadcrumbs":false,"_genesis_hide_singular_image":false,"_genesis_hide_footer_widgets":false,"_genesis_custom_body_class":"","_genesis_custom_post_class":"","_genesis_layout":"","_jetpack_memberships_contains_paid_content":false,"footnotes":""},"categories":[22,7],"tags":[],"class_list":{"0":"post-110669","1":"post","2":"type-post","3":"status-publish","4":"format-standard","5":"has-post-thumbnail","7":"category-brasil","8":"category-economia","9":"entry","10":"gs-1","11":"gs-odd","12":"gs-even","13":"gs-featured-content-entry"},"jetpack_featured_media_url":"https:\/\/www.redenoticia.com.br\/noticia\/imagens\/economia-grafico.jpg","jetpack_sharing_enabled":true,"jetpack_likes_enabled":true,"_links":{"self":[{"href":"https:\/\/www.redenoticia.com.br\/noticia\/wp-json\/wp\/v2\/posts\/110669","targetHints":{"allow":["GET"]}}],"collection":[{"href":"https:\/\/www.redenoticia.com.br\/noticia\/wp-json\/wp\/v2\/posts"}],"about":[{"href":"https:\/\/www.redenoticia.com.br\/noticia\/wp-json\/wp\/v2\/types\/post"}],"author":[{"embeddable":true,"href":"https:\/\/www.redenoticia.com.br\/noticia\/wp-json\/wp\/v2\/users\/2"}],"replies":[{"embeddable":true,"href":"https:\/\/www.redenoticia.com.br\/noticia\/wp-json\/wp\/v2\/comments?post=110669"}],"version-history":[{"count":0,"href":"https:\/\/www.redenoticia.com.br\/noticia\/wp-json\/wp\/v2\/posts\/110669\/revisions"}],"wp:featuredmedia":[{"embeddable":true,"href":"https:\/\/www.redenoticia.com.br\/noticia\/wp-json\/wp\/v2\/media\/57583"}],"wp:attachment":[{"href":"https:\/\/www.redenoticia.com.br\/noticia\/wp-json\/wp\/v2\/media?parent=110669"}],"wp:term":[{"taxonomy":"category","embeddable":true,"href":"https:\/\/www.redenoticia.com.br\/noticia\/wp-json\/wp\/v2\/categories?post=110669"},{"taxonomy":"post_tag","embeddable":true,"href":"https:\/\/www.redenoticia.com.br\/noticia\/wp-json\/wp\/v2\/tags?post=110669"}],"curies":[{"name":"wp","href":"https:\/\/api.w.org\/{rel}","templated":true}]}}